{"id":1010,"date":"2018-08-01T14:31:00","date_gmt":"2018-08-01T12:31:00","guid":{"rendered":"https:\/\/www.deminimis.info\/blog\/?p=1010"},"modified":"2022-11-14T01:13:47","modified_gmt":"2022-11-14T00:13:47","slug":"deminimis-zweite-runde-2018","status":"publish","type":"post","link":"https:\/\/www.deminimis.info\/blog\/deminimis-zweite-runde-2018\/","title":{"rendered":"Deminimis: Deminimis-F\u00f6rdert\u00f6pfe wieder (rand)voll: Jetzt zugreifen!"},"content":{"rendered":"\n<p>Laut dem Nobelpreistr\u00e4ger f\u00fcr Literatur 1921, Anatole France, ist Talent nur gro\u00dfe Geduld. Und Transportunternehmen wie auch andere Halter&nbsp;<a href=\"https:\/\/www.deminimis.info\/deminimis-glossar\/schweres-nutzfahrzeug.php\">schwerer Nutzfahrzeuge<\/a>&nbsp;mussten im aktuellen F\u00f6rderjahr \u00fcberwiegend grooo\u00dfe Geduld aufbringen: Die Bundesregierung hatte erst Anfang Juli den Haushalt f\u00fcr 2018 beschlossen.<\/p>\n\n\n\n<p>Das BAG, inzwischen unbestritten auf Platz 1 der schnellsten und unternehmerfreundlichsten deutschen Beh\u00f6rden, hat es seitdem geschafft, nicht nur alle&nbsp;<a href=\"https:\/\/www.deminimis.info\/deminimis-glossar\/zuwendungsbescheid.php\">De-Minimis-Zuwendungsbescheide<\/a>&nbsp;der seit M\u00e4rz auf der Warteliste stehenden Erstantr\u00e4ge zu bearbeiten und zu versenden, sondern daneben in weniger als vier Wochen sogar die bis dahin eingegangenen Folgeantr\u00e4ge zu bescheiden. (W\u00fcrde man dem BAG die Sanierung unserer Infrastruktur \u00fcbertragen, h\u00e4tten wir zu Weihnachten vermutlich keine Baustellen mehr auf den Autobahnen, eine Vielzahl neuer Br\u00fccken und ausreichend Rastpl\u00e4tze.)<\/p>\n\n\n\n<p>Damit geht f\u00fcr die Unternehmen, die bis M\u00e4rz diesen Jahres ihres Erstantrag gestellt haben, die&nbsp;<a href=\"https:\/\/www.deminimis.info\/deminimis-glossar\/deminimis-foerderperiode.php\">F\u00f6rderperiode<\/a>&nbsp;in ihre zweite Runde. Nutzen Sie unseren unabh\u00e4ngigen&nbsp;<a href=\"http:\/\/www.speditionsexperten.de\/deminimis-service\/\">Deminimis-F\u00f6rdermittelservice<\/a>&nbsp;bedeutet dies, da\u00df Sie nahtlos das ganze Jahr \u00fcber alle Belege f\u00fcr Neuanschaffungen, Reparaturen, Leasing und vieles mehr einreichen k\u00f6nnen ohne bei diesen Anschaffungen auf den Kalender R\u00fccksicht nehmen zu m\u00fcssen. Sie kaufen also in dem Zeitpunkt, in dem Sie die Dinge ben\u00f6tigen.<\/p>\n\n\n\n<p>Haben Sie dagegen \u2013 vielleicht auch wegen der bekanntgewordenen Unsicherheit durch die sp\u00e4te Regierungsbildung \u2013 noch gar keinen&nbsp;<a href=\"https:\/\/www.deminimis.info\/deminimis-glossar\/deminimis-antrag.php\">Deminimis-Antrag<\/a>&nbsp;gestellt: Holen Sie es jetzt nach! Sie k\u00f6nnen&nbsp;<a href=\"https:\/\/www.deminimis.info\/deminimis-glossar\/deminimis-antrag.php\">De-Minimis-Antr\u00e4ge<\/a>&nbsp;bis zum 30. September stellen, jedoch gilt nach wie vor das Windhund-Prinzip. Die zuerst kommen sind auf der sichereren Seite. M\u00f6chten Sie f\u00fcr diese&nbsp;<a href=\"https:\/\/www.deminimis.info\/deminimis-glossar\/deminimis-foerderperiode.php\">F\u00f6rderperiode<\/a>&nbsp;unseren&nbsp;<a href=\"http:\/\/www.speditionsexperten.de\/deminimis-service\/\">jederzeit k\u00fcndbaren Deminimis-F\u00f6rdermittelsevice<\/a>&nbsp;zu 12,90 Euro\/je LKW und Monat nutzen, antworten Sie einfach auf diese eMail. Wir stellen unverz\u00fcglich alle Antr\u00e4ge f\u00fcr Sie \u2013 und Sie k\u00f6nnen bequem die Ihnen zustehenden, bis zu 33.000 Euro F\u00f6rmittel durch uns abrufen lassen.<\/p>\n\n\n\n<p>In eigener Sache: Die Kopie ehrt das Original. Grunds\u00e4tzlich sind wir nat\u00fcrlich konkurrenzlos, da wir v\u00f6llig unabh\u00e4ngig von jeglichen Lieferanten arbeiten und ihn auch an keine Mitgliedschaft in Vereinen oder Verb\u00e4nden koppeln. Kunden unseres&nbsp;<a href=\"http:\/\/www.speditionsexperten.de\/deminimis\/\">F\u00f6rdermittelservices<\/a>&nbsp;k\u00f6nnen immer und \u00fcberall kaufen, wo sie es f\u00fcr richtig halten. Von uns gibt es lediglich Empfehlungen,&nbsp;<em>was<\/em>&nbsp;zu kaufen sinnvoll sein k\u00f6nnte. Jedenfalls habe ich vor wenigen Tagen mit einem Schmunzeln den Newsletter eines \u201cWettbewerbers\u201d gelesen, der Tipps f\u00fcr Anschaffungen aus unserem regelm\u00e4\u00dfigen Newsletter aggregiert aufw\u00e4rmt und verteilt. Dankesch\u00f6n f\u00fcr das indirekte Lob.<\/p>\n\n\n\n<p>F\u00fcr alle, die den&nbsp;<a href=\"https:\/\/www.deminimis.info\/deminimis-glossar\/zuwendungsbescheid.php\">Deminimis-Zuwendungsbescheid<\/a>&nbsp;\u00fcber uns bereits erhalten haben gilt wie immer: Sammeln Sie keine Belege, wir reichen alles sofort ein damit Sie so schnell wie m\u00f6glich die Auszahlungen auf Ihrem Konto haben. Kleinvieh macht auch Mist.<\/p>\n\n\n\n<p>Weitere und dar\u00fcber hinausgehenden Informationen zu der Deminimis-F\u00f6rderung finden Sie auf&nbsp;<a href=\"https:\/\/deminimis.us17.list-manage.com\/track\/click?u=786b26ec8e9cab6a0040f3283&amp;id=f12a3b665c&amp;e=92dcf05e9b\"><strong>www.deminimis.info<\/strong><\/a><\/p>\n\n\n\n<p>Haben Sie Interesse an unserem&nbsp;<a href=\"http:\/\/www.speditionsexperten.de\/deminimis-service\/\">Deminimis F\u00f6rdermittelservice<\/a>, antworten Sie gerne jederzeit auf diese eMail.<\/p>\n\n\n\n<p><em>Die Angaben der Deminimis-Depesche erfolgen nach besten Wissen und Gewissen \u2013 jedoch ohne jede Gew\u00e4hr.<\/em><\/p>\n\n\n\n<h2 class=\"wp-block-heading\"><strong>D<\/strong><\/h2>\n\n\n\n<div class=\"wp-block-columns is-layout-flex wp-container-core-columns-is-layout-9d6595d7 wp-block-columns-is-layout-flex\">\n<div class=\"wp-block-column is-layout-flow wp-block-column-is-layout-flow\" style=\"flex-basis:33.33%\">\n<!-- ### Begin BoD ShopWidget -->\n<div id=\"bodShopWidget_3672993_print\" class=\"bodShopWidget\"><\/div><script type=\"text\/javascript\">if(typeof checkLibExist == \"undefined\"){var script = document.createElement(\"script\");script.src =\"\/\/www.bod.de\/public\/js\/bod\/v1.1\/shopWidget.min.js\";script.type = \"text\/javascript\";document.head.appendChild(script);var checkLibExist = true;}if(typeof books === \"undefined\") var books=[];books.push({\"objID\":\"3672993\",\"swKey\":\"c2d0ac64942f55a76b71b59a0afc43b5\",\"type\":\"print\",\"size\":\"large\",\"font\":\"nonSerif\",\"shadow\":true,\"contour\":true,\"coverContour\":true,\"fontColor\":\"#000000\",\"contourColor\":\"#000000\",\"shadowBtn\":true,\"contourBtn\":false,\"bgColor\":\"#ffffff\",\"btnFontColor\":\"#ffffff\",\"btnColor\":\"#1616b5\",\"btnContourColor\":\"#e84e0f\",\"shop\":\"de\",\"mandantShopUrl\":\"https:\/\/www.bod.de\/buchshop\",\"lang\":\"de\"});<\/script>\n<!-- ### End BoD ShopWidget -->\n<\/div>\n\n\n\n<div class=\"wp-block-column is-layout-flow wp-block-column-is-layout-flow\" style=\"flex-basis:66.66%\">\n<p>Hunderte exemplarische Ma\u00dfnahmen f\u00fcr die De-Minimis F\u00f6rderperiode 2022, thematisch sortiert von Arbeitsschutzkleidung \u00fcber CyberSecurity bis Telematik. F\u00fcr Speditionen und alle Unternehmen mit schweren Nutzfahrzeugen, die das F\u00f6rderprogramm des BAG in 2022 nutzen wollen.<\/p>\n<\/div>\n<\/div>\n\n\n\n<div class=\"wp-block-media-text alignwide is-stacked-on-mobile\"><figure class=\"wp-block-media-text__media\"><video controls src=\"https:\/\/www.deminimis.info\/blog\/wp-content\/uploads\/2019\/12\/abagonia.mp4\"><\/video><\/figure><div class=\"wp-block-media-text__content\">\n<p>Kennen Sie unseren<strong> De-Minimis F\u00f6rdermittelservice<\/strong>? Unser Video auf der linken Seite erkl\u00e4rt Ihnen in zwei Minuten wie einfach der Abruf der De-Minimis-F\u00f6rdermittel mit uns ist.<\/p>\n<\/div><\/div>\n\n\n\n<h2 class=\"wp-block-heading\"><strong><a href=\"https:\/\/www.deminimis.info\/was-wird-gefoerdert\/index.php\">&nbsp;<\/a><\/strong><\/h2>\n\n\n\n<p>Und alle dar\u00fcber hinausgehenden Informationen auf&nbsp;<a href=\"http:\/\/www.deminimis.info\/\"><strong>www.deminimis.info<\/strong><\/a><\/p>\n\n\n\n<p><em>Die Angaben der Deminimis-Depesche erfolgen nach besten Wissen und Gewissen \u2013 jedoch ohne jede Gew\u00e4hr.<\/em><\/p>\n\n\n\n<p><em>Nutzen Sie die umfassenden M\u00f6glichkeiten staatlicher F\u00f6rderung. Nutzen Sie unsere betriebswirtschaftliche und strategische Kompetenz, ganz einfach mit unserem De-Minimis <strong><a href=\"https:\/\/www.speditionsexperten.de\/deminimis\/\">F\u00f6rdermittelservices ab 12,90 Euro je Monat und LKW<\/a> <\/strong><\/em><\/p>\n\n\n\n<p><em>Die Angaben auf dieser Seite sind nach besten Wissen und Gewissen  zusammengestellt. Dennoch \u00fcbernehmen wir ausdr\u00fccklich keine Haftung f\u00fcr deren Aktualit\u00e4t, Vollst\u00e4ndigkeit  und Richtigkeit. Bitte informieren Sie sich im Zweifel immer bei den zust\u00e4ndigen Beh\u00f6rden um rechtssichere Informationen zu erhalten.<br>Unsere Erkl\u00e4rung zum Datenschutz finden Sie hier: <a href=\"http:\/\/www.abagonia.de\/datenstuss\/datastuss.php\">Datenschutz<\/a> <\/em> <\/p>\n\n\n\n<p><em>* Mit einem Sternchen * gekennzeichnete Links sind Werbelinks: Sollten Sie etwas \u00fcber einen solchen Link kaufen, erhalten wir eine Provision. Ihre Kosten steigen hierdurch nicht.<\/em><\/p>\n\n\n\n<p><\/p>\n","protected":false},"excerpt":{"rendered":"<p>Das De-Minimis 2021 Handbuch ist erschienen &#8211; Hunderte exemplarische Ma\u00dfnahmen f\u00fcr die De-Minimis F\u00f6rderperiode 2021: Thematisch und alphabetisch sortiert.<\/p>\n<div class=\"more-link-wrapper\"><a class=\"more-link\" href=\"https:\/\/www.deminimis.info\/blog\/deminimis-zweite-runde-2018\/\">Hier weiterlesen zu diesem De-Minimis Thema<span class=\"screen-reader-text\">Deminimis: Deminimis-F\u00f6rdert\u00f6pfe wieder (rand)voll: Jetzt zugreifen!<\/span><\/a><\/div>\n","protected":false},"author":1,"featured_media":1011,"comment_status":"closed","ping_status":"open","sticky":false,"template":"","format":"standard","meta":{"footnotes":""},"categories":[1],"tags":[79,30,3,78,28,4,29],"class_list":["post-1010","post","type-post","status-publish","format-standard","has-post-thumbnail","hentry","category-allgemein","tag-79","tag-buch","tag-de-minimis","tag-de-minimis-2021","tag-de-minimis-handbuch","tag-deminimis","tag-handbuch","entry"],"yoast_head":"<!-- This site is optimized with the Yoast SEO plugin v25.1 - https:\/\/yoast.com\/wordpress\/plugins\/seo\/ -->\n<title>Deminimis: Deminimis-F\u00f6rdert\u00f6pfe wieder (rand)voll: Jetzt zugreifen!<\/title>\n<meta name=\"description\" content=\"Deminimis: Deminimis-F\u00f6rdert\u00f6pfe wieder (rand)voll: Jetzt zugreifen!\" \/>\n<meta name=\"robots\" content=\"index, follow, max-snippet:-1, max-image-preview:large, max-video-preview:-1\" \/>\n<link rel=\"canonical\" href=\"https:\/\/www.deminimis.info\/blog\/deminimis-zweite-runde-2018\/\" \/>\n<meta property=\"og:locale\" content=\"de_DE\" \/>\n<meta property=\"og:type\" content=\"article\" \/>\n<meta property=\"og:title\" content=\"Deminimis: Deminimis-F\u00f6rdert\u00f6pfe wieder (rand)voll: Jetzt zugreifen!\" \/>\n<meta property=\"og:url\" content=\"https:\/\/www.deminimis.info\/blog\/deminimis-zweite-runde-2018\/\" \/>\n<meta property=\"og:site_name\" content=\"De-Minimis Depesche: Der Blog zum F\u00f6rderprogramm des BALM\" \/>\n<meta property=\"article:published_time\" content=\"2018-08-01T12:31:00+00:00\" \/>\n<meta property=\"article:modified_time\" content=\"2022-11-14T00:13:47+00:00\" \/>\n<meta property=\"og:image\" content=\"https:\/\/www.deminimis.info\/blog\/wp-content\/uploads\/2022\/11\/time-is-money-1339781_1920-300x133-1.jpg\" \/>\n\t<meta property=\"og:image:width\" content=\"300\" \/>\n\t<meta property=\"og:image:height\" content=\"133\" \/>\n\t<meta property=\"og:image:type\" content=\"image\/jpeg\" \/>\n<meta name=\"author\" content=\"Daniel\" \/>\n<meta name=\"twitter:card\" content=\"summary_large_image\" \/>\n<meta name=\"twitter:label1\" content=\"Verfasst von\" \/>\n\t<meta name=\"twitter:data1\" content=\"Daniel\" \/>\n\t<meta name=\"twitter:label2\" content=\"Gesch\u00e4tzte Lesezeit\" \/>\n\t<meta name=\"twitter:data2\" content=\"4\u00a0Minuten\" \/>\n<script type=\"application\/ld+json\" class=\"yoast-schema-graph\">{\"@context\":\"https:\/\/schema.org\",\"@graph\":[{\"@type\":\"WebPage\",\"@id\":\"https:\/\/www.deminimis.info\/blog\/deminimis-zweite-runde-2018\/\",\"url\":\"https:\/\/www.deminimis.info\/blog\/deminimis-zweite-runde-2018\/\",\"name\":\"Deminimis: Deminimis-F\u00f6rdert\u00f6pfe wieder (rand)voll: Jetzt zugreifen!\",\"isPartOf\":{\"@id\":\"https:\/\/www.deminimis.info\/blog\/#website\"},\"primaryImageOfPage\":{\"@id\":\"https:\/\/www.deminimis.info\/blog\/deminimis-zweite-runde-2018\/#primaryimage\"},\"image\":{\"@id\":\"https:\/\/www.deminimis.info\/blog\/deminimis-zweite-runde-2018\/#primaryimage\"},\"thumbnailUrl\":\"https:\/\/www.deminimis.info\/blog\/wp-content\/uploads\/2022\/11\/time-is-money-1339781_1920-300x133-1.jpg\",\"datePublished\":\"2018-08-01T12:31:00+00:00\",\"dateModified\":\"2022-11-14T00:13:47+00:00\",\"author\":{\"@id\":\"https:\/\/www.deminimis.info\/blog\/#\/schema\/person\/6b3255a7efd1042af084eaeb98d306af\"},\"description\":\"Deminimis: Deminimis-F\u00f6rdert\u00f6pfe wieder (rand)voll: Jetzt zugreifen!\",\"breadcrumb\":{\"@id\":\"https:\/\/www.deminimis.info\/blog\/deminimis-zweite-runde-2018\/#breadcrumb\"},\"inLanguage\":\"de\",\"potentialAction\":[{\"@type\":\"ReadAction\",\"target\":[\"https:\/\/www.deminimis.info\/blog\/deminimis-zweite-runde-2018\/\"]}]},{\"@type\":\"ImageObject\",\"inLanguage\":\"de\",\"@id\":\"https:\/\/www.deminimis.info\/blog\/deminimis-zweite-runde-2018\/#primaryimage\",\"url\":\"https:\/\/www.deminimis.info\/blog\/wp-content\/uploads\/2022\/11\/time-is-money-1339781_1920-300x133-1.jpg\",\"contentUrl\":\"https:\/\/www.deminimis.info\/blog\/wp-content\/uploads\/2022\/11\/time-is-money-1339781_1920-300x133-1.jpg\",\"width\":300,\"height\":133,\"caption\":\"Zeit ist Geld Frosch\"},{\"@type\":\"BreadcrumbList\",\"@id\":\"https:\/\/www.deminimis.info\/blog\/deminimis-zweite-runde-2018\/#breadcrumb\",\"itemListElement\":[{\"@type\":\"ListItem\",\"position\":1,\"name\":\"Startseite\",\"item\":\"https:\/\/www.deminimis.info\/blog\/\"},{\"@type\":\"ListItem\",\"position\":2,\"name\":\"Deminimis: Deminimis-F\u00f6rdert\u00f6pfe wieder (rand)voll: Jetzt zugreifen!\"}]},{\"@type\":\"WebSite\",\"@id\":\"https:\/\/www.deminimis.info\/blog\/#website\",\"url\":\"https:\/\/www.deminimis.info\/blog\/\",\"name\":\"De-Minimis Depesche: Der Blog zum F\u00f6rderprogramm des BALM\",\"description\":\"Der Blog zum F\u00f6rderprogramm Umweltschutz und Sicherheit (vormals De-Minimis) des BALM\",\"potentialAction\":[{\"@type\":\"SearchAction\",\"target\":{\"@type\":\"EntryPoint\",\"urlTemplate\":\"https:\/\/www.deminimis.info\/blog\/?s={search_term_string}\"},\"query-input\":{\"@type\":\"PropertyValueSpecification\",\"valueRequired\":true,\"valueName\":\"search_term_string\"}}],\"inLanguage\":\"de\"},{\"@type\":\"Person\",\"@id\":\"https:\/\/www.deminimis.info\/blog\/#\/schema\/person\/6b3255a7efd1042af084eaeb98d306af\",\"name\":\"Daniel\",\"image\":{\"@type\":\"ImageObject\",\"inLanguage\":\"de\",\"@id\":\"https:\/\/www.deminimis.info\/blog\/#\/schema\/person\/image\/\",\"url\":\"https:\/\/secure.gravatar.com\/avatar\/07168cc724f6149b46c55fbe89351773f3d0b61fb477123317f4bb9363a82ded?s=96&d=mm&r=g\",\"contentUrl\":\"https:\/\/secure.gravatar.com\/avatar\/07168cc724f6149b46c55fbe89351773f3d0b61fb477123317f4bb9363a82ded?s=96&d=mm&r=g\",\"caption\":\"Daniel\"},\"url\":\"https:\/\/www.deminimis.info\/blog\/author\/daniel\/\"}]}<\/script>\n<!-- \/ Yoast SEO plugin. -->","yoast_head_json":{"title":"Deminimis: Deminimis-F\u00f6rdert\u00f6pfe wieder (rand)voll: Jetzt zugreifen!","description":"Deminimis: Deminimis-F\u00f6rdert\u00f6pfe wieder (rand)voll: Jetzt zugreifen!","robots":{"index":"index","follow":"follow","max-snippet":"max-snippet:-1","max-image-preview":"max-image-preview:large","max-video-preview":"max-video-preview:-1"},"canonical":"https:\/\/www.deminimis.info\/blog\/deminimis-zweite-runde-2018\/","og_locale":"de_DE","og_type":"article","og_title":"Deminimis: Deminimis-F\u00f6rdert\u00f6pfe wieder (rand)voll: Jetzt zugreifen!","og_url":"https:\/\/www.deminimis.info\/blog\/deminimis-zweite-runde-2018\/","og_site_name":"De-Minimis Depesche: Der Blog zum F\u00f6rderprogramm des BALM","article_published_time":"2018-08-01T12:31:00+00:00","article_modified_time":"2022-11-14T00:13:47+00:00","og_image":[{"width":300,"height":133,"url":"https:\/\/www.deminimis.info\/blog\/wp-content\/uploads\/2022\/11\/time-is-money-1339781_1920-300x133-1.jpg","type":"image\/jpeg"}],"author":"Daniel","twitter_card":"summary_large_image","twitter_misc":{"Verfasst von":"Daniel","Gesch\u00e4tzte Lesezeit":"4\u00a0Minuten"},"schema":{"@context":"https:\/\/schema.org","@graph":[{"@type":"WebPage","@id":"https:\/\/www.deminimis.info\/blog\/deminimis-zweite-runde-2018\/","url":"https:\/\/www.deminimis.info\/blog\/deminimis-zweite-runde-2018\/","name":"Deminimis: Deminimis-F\u00f6rdert\u00f6pfe wieder (rand)voll: Jetzt zugreifen!","isPartOf":{"@id":"https:\/\/www.deminimis.info\/blog\/#website"},"primaryImageOfPage":{"@id":"https:\/\/www.deminimis.info\/blog\/deminimis-zweite-runde-2018\/#primaryimage"},"image":{"@id":"https:\/\/www.deminimis.info\/blog\/deminimis-zweite-runde-2018\/#primaryimage"},"thumbnailUrl":"https:\/\/www.deminimis.info\/blog\/wp-content\/uploads\/2022\/11\/time-is-money-1339781_1920-300x133-1.jpg","datePublished":"2018-08-01T12:31:00+00:00","dateModified":"2022-11-14T00:13:47+00:00","author":{"@id":"https:\/\/www.deminimis.info\/blog\/#\/schema\/person\/6b3255a7efd1042af084eaeb98d306af"},"description":"Deminimis: Deminimis-F\u00f6rdert\u00f6pfe wieder (rand)voll: Jetzt zugreifen!","breadcrumb":{"@id":"https:\/\/www.deminimis.info\/blog\/deminimis-zweite-runde-2018\/#breadcrumb"},"inLanguage":"de","potentialAction":[{"@type":"ReadAction","target":["https:\/\/www.deminimis.info\/blog\/deminimis-zweite-runde-2018\/"]}]},{"@type":"ImageObject","inLanguage":"de","@id":"https:\/\/www.deminimis.info\/blog\/deminimis-zweite-runde-2018\/#primaryimage","url":"https:\/\/www.deminimis.info\/blog\/wp-content\/uploads\/2022\/11\/time-is-money-1339781_1920-300x133-1.jpg","contentUrl":"https:\/\/www.deminimis.info\/blog\/wp-content\/uploads\/2022\/11\/time-is-money-1339781_1920-300x133-1.jpg","width":300,"height":133,"caption":"Zeit ist Geld Frosch"},{"@type":"BreadcrumbList","@id":"https:\/\/www.deminimis.info\/blog\/deminimis-zweite-runde-2018\/#breadcrumb","itemListElement":[{"@type":"ListItem","position":1,"name":"Startseite","item":"https:\/\/www.deminimis.info\/blog\/"},{"@type":"ListItem","position":2,"name":"Deminimis: Deminimis-F\u00f6rdert\u00f6pfe wieder (rand)voll: Jetzt zugreifen!"}]},{"@type":"WebSite","@id":"https:\/\/www.deminimis.info\/blog\/#website","url":"https:\/\/www.deminimis.info\/blog\/","name":"De-Minimis Depesche: Der Blog zum F\u00f6rderprogramm des BALM","description":"Der Blog zum F\u00f6rderprogramm Umweltschutz und Sicherheit (vormals De-Minimis) des BALM","potentialAction":[{"@type":"SearchAction","target":{"@type":"EntryPoint","urlTemplate":"https:\/\/www.deminimis.info\/blog\/?s={search_term_string}"},"query-input":{"@type":"PropertyValueSpecification","valueRequired":true,"valueName":"search_term_string"}}],"inLanguage":"de"},{"@type":"Person","@id":"https:\/\/www.deminimis.info\/blog\/#\/schema\/person\/6b3255a7efd1042af084eaeb98d306af","name":"Daniel","image":{"@type":"ImageObject","inLanguage":"de","@id":"https:\/\/www.deminimis.info\/blog\/#\/schema\/person\/image\/","url":"https:\/\/secure.gravatar.com\/avatar\/07168cc724f6149b46c55fbe89351773f3d0b61fb477123317f4bb9363a82ded?s=96&d=mm&r=g","contentUrl":"https:\/\/secure.gravatar.com\/avatar\/07168cc724f6149b46c55fbe89351773f3d0b61fb477123317f4bb9363a82ded?s=96&d=mm&r=g","caption":"Daniel"},"url":"https:\/\/www.deminimis.info\/blog\/author\/daniel\/"}]}},"_links":{"self":[{"href":"https:\/\/www.deminimis.info\/blog\/wp-json\/wp\/v2\/posts\/1010","targetHints":{"allow":["GET"]}}],"collection":[{"href":"https:\/\/www.deminimis.info\/blog\/wp-json\/wp\/v2\/posts"}],"about":[{"href":"https:\/\/www.deminimis.info\/blog\/wp-json\/wp\/v2\/types\/post"}],"author":[{"embeddable":true,"href":"https:\/\/www.deminimis.info\/blog\/wp-json\/wp\/v2\/users\/1"}],"replies":[{"embeddable":true,"href":"https:\/\/www.deminimis.info\/blog\/wp-json\/wp\/v2\/comments?post=1010"}],"version-history":[{"count":3,"href":"https:\/\/www.deminimis.info\/blog\/wp-json\/wp\/v2\/posts\/1010\/revisions"}],"predecessor-version":[{"id":1105,"href":"https:\/\/www.deminimis.info\/blog\/wp-json\/wp\/v2\/posts\/1010\/revisions\/1105"}],"wp:featuredmedia":[{"embeddable":true,"href":"https:\/\/www.deminimis.info\/blog\/wp-json\/wp\/v2\/media\/1011"}],"wp:attachment":[{"href":"https:\/\/www.deminimis.info\/blog\/wp-json\/wp\/v2\/media?parent=1010"}],"wp:term":[{"taxonomy":"category","embeddable":true,"href":"https:\/\/www.deminimis.info\/blog\/wp-json\/wp\/v2\/categories?post=1010"},{"taxonomy":"post_tag","embeddable":true,"href":"https:\/\/www.deminimis.info\/blog\/wp-json\/wp\/v2\/tags?post=1010"}],"curies":[{"name":"wp","href":"https:\/\/api.w.org\/{rel}","templated":true}]}}