{"id":1342,"date":"2024-01-18T14:33:19","date_gmt":"2024-01-18T13:33:19","guid":{"rendered":"https:\/\/www.deminimis.info\/blog\/?p=1342"},"modified":"2024-01-18T20:41:40","modified_gmt":"2024-01-18T19:41:40","slug":"de-minimis-zuschuss-bei-kauf-neuer-und-gebrauchter-lkw-und-anhaenger","status":"publish","type":"post","link":"https:\/\/www.deminimis.info\/blog\/de-minimis-zuschuss-bei-kauf-neuer-und-gebrauchter-lkw-und-anhaenger\/","title":{"rendered":"De-Minimis LKW F\u00f6rderung: Zuschuss bei Kauf und Miete f\u00fcr neue und gebrauchte LKW, Zugmaschinen, Auflieger und Anh\u00e4nger"},"content":{"rendered":"\n<p><em>Kurzfassung: De-Minimis und LKW F\u00f6rderung: Zuschuss bei Kauf und Miete f\u00fcr neue und gebrauchte LKW und Auflieger<\/em>. <em>Das <a href=\"https:\/\/www.deminimis.info\">F\u00f6rderprogramm De-Minimis<\/a> bezuschusst als &#8222;LKW-F\u00f6rderung&#8220; die Anschaffung neuer und gebrauchter LKW, Sattelzugmaschinen, Auflieger und Anh\u00e4nger \u00fcber deren f\u00f6rderf\u00e4hige Ausstattung. Bei Zusch\u00fcssen von etwa 15.000 Euro, wie beispielsweise bei einer durchschnittlichen Zugmaschine, bleibt diese LKW-F\u00f6rderung f\u00fcr die Anschaffung von LKW, Zugmaschinen und Trailern ein zentraler Bestandteil des De-Minimis F\u00f6rderprogramms. Unsere aktuelle <a href=\"https:\/\/www.deminimis.info\/deminimis-newsletter.php\">De-Minimis Depesche<\/a> fasst die wesentlichen Aspekte dieser LKW F\u00f6rderung f\u00fcr den Kauf und die Miete neuer und gebrauchter LKW und Trailer zusammen.<\/em><\/p>\n\n\n\n<p>Grunds\u00e4tzliche Informationen zu unserem&nbsp;<a href=\"https:\/\/www.foerdermittel.fans\/\">De-Minimis 2024 F\u00f6rdermittelservice finden Sie \u00fcbrigens auch unter diesem Link<\/a>:&nbsp;<a href=\"https:\/\/www.foerdermittel.fans\/\">www.foerdermittel.fans<\/a><\/p>\n\n\n\n<h3 class=\"wp-block-heading\">De-Minimis: Die LKW-F\u00f6rderung f\u00fcr neue und gebrauchte LKW, Zugmaschinen, Auflieger und Anh\u00e4nger<\/h3>\n\n\n\n<p>Einer der zentralen Aspekte des<a href=\"https:\/\/www.deminimis.info\"> De-Minimis F\u00f6rderprogramms<\/a> ist die regelm\u00e4\u00dfige Bezuschussung f\u00f6rderf\u00e4higer Ausstattung in LKW und Aufliegern \u00fcber die Laufzeit der Finanzierung oder des Mietvertrags. Monatlich oder quartalsweise kommt Geld vom Bundesamt. Die effektiven Finanzierungskosten f\u00fcr das Fahrzeug werden damit gesenkt.<\/p>\n\n\n\n<p>Dabei ist es egal, ob es sich um Zugmaschinen, LKW, Auflieger oder Anh\u00e4nger handelt. Und, wie im gesamten <a href=\"https:\/\/www.deminimis.info\">F\u00f6rderprogramm De-Minimis<\/a>, spielt es nat\u00fcrlich keine Rolle, ob das Fahrzeug neu oder gebraucht ist.<\/p>\n\n\n\n<p>In der folgenden Tabelle haben wir einmal beispielhaft und unverbindlich einige monatliche Zusch\u00fcsse nach Fahrzeugart zusammengestellt. Grundlage war hier jeweils ein Tilgungsdarlehen mit in 2023 durchschnittlicher Verzinsung, 48 Raten.<\/p>\n\n\n\n<figure class=\"wp-block-table\"><table><tbody><tr><td><strong>Fahrzeugart<\/strong><\/td><td><strong>Beispiel monatlicher Zuschuss<\/strong><\/td><\/tr><tr><td>Sattelzugmaschine, aktuelles Baujahr<\/td><td>280,00 Euro<\/td><\/tr><tr><td>Sattelzugmaschine, gebraucht gekauft, Bj. 2020<\/td><td>135,00 Euro<\/td><\/tr><tr><td>12 Tonner, Plane-Spriegel, aktuelles Baujahr<\/td><td>105,00 Euro<\/td><\/tr><tr><td>12 Tonner, Kofferaufbau ohne K\u00fchler, aktuelles Baujahr<\/td><td>145,00 Euro<\/td><\/tr><tr><td>CityAuflieger, K\u00fchler, 2 Achsen, aktuelles Baujahr<\/td><td>45,00 Euro<\/td><\/tr><tr><td>Kofferauflieger, ohne K\u00fchler, aktuelles Baujahr<\/td><td>75,00 Euro<\/td><\/tr><\/tbody><\/table><figcaption class=\"wp-element-caption\">De-Minimis F\u00f6rderprogramm: Beispiele der LKW F\u00f6rderung mit monatlichen Zusch\u00fcssen<\/figcaption><\/figure>\n\n\n\n<p class=\"has-text-align-center\"><em>Nutzen Sie unseren t\u00e4glich k\u00fcndbaren De-Minimis-F\u00f6rdermittelservice bereits? Dann k\u00fcmmern wir uns um Ihre monatlichen Zusch\u00fcsse aus der LKW-F\u00f6rderung im Programm De-Minimis. Ansonsten: Klicken Sie hier!<\/em><\/p>\n\n\n<div class=\"wp-block-image\">\n<figure class=\"aligncenter size-full\"><a href=\"https:\/\/www.speditionsexperten.de\/deminimis\/\"><img loading=\"lazy\" decoding=\"async\" width=\"525\" height=\"200\" src=\"https:\/\/www.deminimis.info\/blog\/wp-content\/uploads\/2023\/12\/image.png\" alt=\"\" class=\"wp-image-1335\" srcset=\"https:\/\/www.deminimis.info\/blog\/wp-content\/uploads\/2023\/12\/image.png 525w, https:\/\/www.deminimis.info\/blog\/wp-content\/uploads\/2023\/12\/image-300x114.png 300w\" sizes=\"auto, (max-width: 525px) 100vw, 525px\" \/><\/a><\/figure>\n<\/div>\n\n\n<h3 class=\"wp-block-heading\">LKW F\u00f6rderung: <strong>Steigende Anschaffungskosten von LKW &#8211; steigende De-Minimis F\u00f6rderung f\u00fcr LKW-Anschaffung<\/strong><\/h3>\n\n\n\n<p>Steigende Preise, steigende Zinsen: Die Anschaffungskosten f\u00fcr LKW, Sattelzugmaschinen, Trailer und Auflieger sind in den letzten Monaten explodiert. In gleichem Ma\u00dfe sind auch die anteiligen Preise der f\u00f6rderf\u00e4higen Ausstattung gestiegen: Schwankte der durchschnittliche Zuschuss einer durchschnittlichen hier bearbeiteten Zugmaschine bis vor kurzem noch um die 13.500 Euro, sind es jetzt um die 17.300 Euro. Die hohen Gebrauchtwagenpreise haben zwar ihren Zenit \u00fcberschritten, aber auch f\u00fcr den gebrauchten Trailer oder die gebrauchte Zugmaschine sind die Zusch\u00fcsse aus dem F\u00f6rderprogramm De-Minimis immer noch auf einem H\u00f6chststand.<\/p>\n\n\n\n<p>Klar ist: Auch wenn die langfristige Bezuschussung bei der Anschaffung von LKW, Aufliegern und Anh\u00e4ngern einer der wesentlichen Kerne des De-Minimis F\u00f6rderprogramms war und ist &#8211; ganz ausgleichen kann der Zuschuss die h\u00f6heren Anschaffungskosten nicht. <\/p>\n\n\n\n<p>Klar ist aber auch: Wer die F\u00f6rderung aus dem Programm De-Minimis bei der Anschaffung neuer oder gebrauchter LKW und Auflieger nicht gezielt und optimal einsetzt, verschenkt eine Menge Geld. Und ein gutes St\u00fcck Wettbewerbsf\u00e4higkeit gegen\u00fcber dem klug handelnden Spediteur aus der Konkurrenz.<\/p>\n\n\n\n<p>Bereits die &#8222;alte&#8220; De-Minimis Richtlinie (&#8222;Richtlinie \u00fcber die F\u00f6rderung der Sicherheit und Umwelt in Unternehmen des G\u00fcterkraftverkehrs mit schweren Nutzfahrzeugen&#8220;) hat ausdr\u00fccklich die Anschaffung auf Grundlage von Miet- oder Finanzierungsvertr\u00e4gen vorgesehen. Bei Finanzierungsvertr\u00e4gen bestand nach g\u00e4ngiger Verwaltungspraxis ein Wahlrecht: Es konnte sowohl als Kauf als auch \u00fcber die Laufzeit des Vertrags bezuschusst werden. Hierdurch sind auch bei Darlehensvertr\u00e4gen und Mietkaufvertr\u00e4gen &#8211; und eben nicht nur bei Leasingvertr\u00e4gen &#8211; die De-Minimis Zusch\u00fcsse analog zum h\u00f6heren Zinssatz gestiegen.<\/p>\n\n\n\n<h3 class=\"wp-block-heading\">De-Minimis F\u00f6rderung f\u00fcr LKW und Auflieger: Auszahlung in einer Summe ist zumeist wirtschaftlich unsinnig<\/h3>\n\n\n\n<p>Eine Abrechnung der f\u00f6rderf\u00e4higen Ausstattung des neuen LKW oder Aufliegers als Kauf, also eine direkte Auszahlung der gesamten F\u00f6rdersumme, ist meistens wirtschaftlicher Unsinn: Entweder hat man als antragstellendes Unternehmen einen so gro\u00dfen Fuhrpark, da\u00df der <a href=\"https:\/\/www.deminimis.info\/deminimis-glossar\/deminimis-unternehmensbezogener-foederhoechstbetrag.php\">De-Minimis F\u00f6rderh\u00f6chstbetrag<\/a> die vollst\u00e4ndige Auszahlung hergibt. Dann hat man in der Regel aber auch bei den anderen Fahrzeugen so viele f\u00f6rderf\u00e4hige Ausgaben, da\u00df ein Teil nicht abgerufen werden kann und somit verf\u00e4llt.<\/p>\n\n\n\n<h4 class=\"wp-block-heading\">Gegen\u00fcberstellung der LKW F\u00f6rderung: Abrechnung als Kauf vs. Abrechnung \u00fcber die Laufzeit<\/h4>\n\n\n\n<p>Man kann sich dies anhand eines einfachen Beispiels vor Augen f\u00fchren:<\/p>\n\n\n\n<p>Nehmen wir ein Transportunternehmen mit acht Sattelz\u00fcgen an. Alle zwei Jahren werden die Reifen der Auflieger getauscht. Der Unternehmen entscheidet sich hierbei stets f\u00fcr von dem De-Minimis F\u00f6rderprogramm h\u00f6chstm\u00f6glich bezuschusste Reifen. (<a href=\"https:\/\/www.deminimis.info\/was-wird-gefoerdert\/de-minimis-foerderung-reifen.php\">Lesen Sie hier mehr \u00fcber die F\u00f6rderung von Reifen im F\u00f6rderprogramm De-Minimis<\/a>.) In unserem Beispiel kosten die Reifen 400 Euro je St\u00fcck.<\/p>\n\n\n\n<p>Eine neunte, beim Bundesamt bereits aktenkundige, Sattelzugmaschine wird gleich zu Beginn des <a href=\"https:\/\/www.deminimis.info\/deminimis-glossar\/de-minimis-bewilligungszeitraum.php\">De-Minimis-Bewilligungszeitraums<\/a> der aktuellen <a href=\"https:\/\/www.deminimis.info\/deminimis-glossar\/deminimis-foerderperiode.php\">De-Minimis F\u00f6rderperiode<\/a> ausgeliefert und zugelassen. Diese Zugmaschine verf\u00fcgt \u00fcber eine im aktuellen <a href=\"https:\/\/www.deminimis.info\/was-wird-gefoerdert\/index.php\">Ma\u00dfnahmenkatalog des F\u00f6rderprogramms De-Minimis<\/a> f\u00f6rderf\u00e4hige Ausstattung zu einem anteiligen Gesamtpreis von 17.500 Euro, davon entfallen 2.000 Euro auf <a href=\"https:\/\/www.deminimis.info\/was-wird-gefoerdert\/reifen.php\">die De-Minimis gef\u00f6rderten Reifen<\/a> mit \u00fcberdurchschnittlichem Rollwiderstand und Ger\u00e4uschemissionsklasse. Sie wird \u00fcber 48 Monate finanziert, ohne Anzahlung und Restzahlung, \u00fcblicher Zinssatz (01\/2024):<\/p>\n\n\n\n<h5 class=\"wp-block-heading\">Alternative 1: Abrechnung der Zugmaschine als Kauf<\/h5>\n\n\n\n<figure class=\"wp-block-table\"><table><tbody><tr><td>De-Minimis F\u00f6rderh\u00f6chtsbetrag<\/td><td>16.000 Euro<\/td><\/tr><tr><td>Anschaffung Reifen, 3PMSF: 4 Auflieger x 6 Reifen x 400 Euro<\/td><td>9.600 Euro<\/td><\/tr><tr><td>De-Minimis Zuschuss Reifen<\/td><td><strong>7.680 Euro<\/strong><\/td><\/tr><tr><td>Restbudget De-Minimis aktuelles F\u00f6rderjahr<\/td><td><strong>8.320 Euro<\/strong><\/td><\/tr><tr><td>Theoretischer Zuschuss aus Abrechnung F\u00f6rderung Zugmaschine als Kauf<\/td><td>13.520 Euro<\/td><\/tr><tr><td>Tats\u00e4chlicher Zuschuss aus Abrechnung F\u00f6rderung Zugmaschine als Kauf<\/td><td><strong>8.320 Euro<\/strong><\/td><\/tr><tr><td>Restbetrag f\u00fcr andere De-Minimis Ma\u00dfnahmen im aktuellen F\u00f6rderjahr<\/td><td>0,00 Euro<\/td><\/tr><tr><td>Zuschuss aus F\u00f6rderung Zugmaschine im kommenden F\u00f6rderjahr<\/td><td>0,00 Euro<\/td><\/tr><\/tbody><\/table><figcaption class=\"wp-element-caption\">Entwicklung des De-Minimis F\u00f6rderbudgets bei Abrechnung des Zuschusses als Kauf<\/figcaption><\/figure>\n\n\n\n<p>Eine Abrechnung aus Kauf im Rahmen des F\u00f6rderprogramms De-Minimis f\u00fchrt hier also dazu, da\u00df das Unternehmen auf etwa 5.200 Euro aus der LKW-F\u00f6rderung f\u00fcr die Sattelzugmaschine verzichtet. Au\u00dferdem ist der De-Minimis F\u00f6rderh\u00f6chstbetrag ausgesch\u00f6pft, es verbleibt kein Geld f\u00fcr weitere De-Minimis Ma\u00dfnahmen.<\/p>\n\n\n\n<p>Man k\u00f6nnte nun argumentieren, da\u00df ja dennoch der gesamte De-Minimis F\u00f6rderh\u00f6chstbetrag f\u00fcr das F\u00f6rderjahr ausgesch\u00f6pft sei. Das ist aber trivial und greift nat\u00fcrlich zu kurz: Denn es findet dar\u00fcber hinaus keine Verm\u00f6gensmehrung beim Transportunternehmer statt. Er k\u00f6nnte ja beispielsweise von einem De-Minimis Restbudget acht Navigationssysteme und ein <a href=\"https:\/\/www.deminimis.info\/was-wird-gefoerdert\/de-minimis-foerderung-telematik-und-ortung-gps.php\">Telematiksystem<\/a> f\u00fcr seine LKW-Flotte anschaffen. Dann h\u00e4tte er zwar einen geringen Eigenanteil von 20% zu zahlen, es sinkt also sein Kontostand um diesen Betrag. Gleichzeitig w\u00e4chst sein Inventar aber um das f\u00fcnfmal wertvollere Telematiksystem und die Navigationssysteme an.<\/p>\n\n\n\n<p>Wenn Sie also irgendwann h\u00f6ren, da\u00df mit der Abrechnung als Kauf ohnehin der gesamte De-Minimis F\u00f6rderh\u00f6chstbetrag ausgesch\u00f6pft sei und ein h\u00f6herer Zuschuss nicht m\u00f6glich ist: Denken Sie immer an die Navigationssysteme und die Telematik. Und, sofern sie ihn bezahlen m\u00fcssen, jagen sie Ihren Gespr\u00e4chspartner mit der kurzgreifenden Argumentation vom Platz. Er sollte sich nicht mit Zahlen besch\u00e4ftigen. Spendieren Sie ihm ein Paar Schuhe mit Klettverschluss.<\/p>\n\n\n\n<p>Betrachten wir nun die alternative LKW-F\u00f6rderung im F\u00f6rderprogramm De-Minimis: Hier wird der Zuschuss ratierlich \u00fcber die Finanzierungsdauer ausgezahlt:<\/p>\n\n\n\n<h5 class=\"wp-block-heading\">Alternative 2: Abrechnung der Zugmaschine \u00fcber die Laufzeit<\/h5>\n\n\n\n<figure class=\"wp-block-table\"><table><tbody><tr><td>De-Minimis F\u00f6rderh\u00f6chtsbetrag<\/td><td>16.000 Euro<\/td><\/tr><tr><td>Anschaffung Reifen, 3PMSF: 4 Auflieger x 6 Reifen x 400 Euro<\/td><td>9.600 Euro<\/td><\/tr><tr><td>De-Minimis Zuschuss Reifen<\/td><td><strong>7.680 Euro<\/strong><\/td><\/tr><tr><td>Restbudget De-Minimis aktuelles F\u00f6rderjahr<\/td><td><strong>8.320 Euro<\/strong><\/td><\/tr><tr><td>Zuschuss aus Abrechnung F\u00f6rderung Zugmaschine \u00fcber die Laufzeit, 12 Monate<\/td><td><strong>3.621 Euro<\/strong><\/td><\/tr><tr><td>Restbetrag f\u00fcr andere De-Minimis Ma\u00dfnahmen im aktuellen F\u00f6rderjahr<\/td><td><strong>4.699 Euro<\/strong><\/td><\/tr><tr><td>Zuschuss aus F\u00f6rderung Zugmaschine in den kommenden F\u00f6rderjahren, jeweils p.a., bis Ende Laufzeit Finanzierungsvertrag<\/td><td><strong>3.621 Euro<\/strong><\/td><\/tr><\/tbody><\/table><figcaption class=\"wp-element-caption\">Entwicklung des De-Minimis F\u00f6rderbudgets bei Abrechnung des Zuschusses \u00fcber die Laufzeit<\/figcaption><\/figure>\n\n\n\n<p>Wie in dem ersten Beispiel, der Abrechnung der LKW-F\u00f6rderung im Programm De-Minimis als Kauf, verbleiben nach der F\u00f6rderung der Reifen 8.320 Euro Budget. Hiervon ruft der Unternehmen nun rund 3.621 Euro als Zuschuss auf die monatlichen Raten Januar bis Dezember aus der Finanzierung der Zugmaschine ab. Die restlichen Raten k\u00f6nnen in den Folgejahren bezuschusst werden, die F\u00f6rderung wird &#8211; im Gegensatz zu Beispiel 1 &#8211; nicht gedeckelt. Es verbleibt dadurch weiterhin ein Restbetrag in H\u00f6he von rund 4.699 Euro. Mit diesem De-Minimis Restbudget kann der Transportunternehmer nun weitere Anschaffungen t\u00e4tigen. Und damit das Verm\u00f6gen seines Unternehmens mehren.<\/p>\n\n\n\n<p>Die Summe der monatlichen Zusch\u00fcsse ist h\u00f6her als die einmalige Auszahlung. Opportunit\u00e4tskosten durch eine m\u00f6gliche Guthabenverzinsung sind \u00fcber die Ber\u00fccksichtigung des Tilgungs- und Zinsanteils bereits ber\u00fccksichtigt.<\/p>\n\n\n\n<p class=\"has-text-align-center\"><em>Nutzen Sie unseren t\u00e4glich k\u00fcndbaren De-Minimis-F\u00f6rdermittelservice bereits? Dann k\u00fcmmern wir uns um Ihre monatlichen Zusch\u00fcsse aus der LKW-F\u00f6rderung im Programm De-Minimis. Ansonsten: Klicken Sie hier!<\/em><\/p>\n\n\n<div class=\"wp-block-image\">\n<figure class=\"aligncenter size-full\"><a href=\"https:\/\/www.speditionsexperten.de\/deminimis\/\"><img loading=\"lazy\" decoding=\"async\" width=\"525\" height=\"200\" src=\"https:\/\/www.deminimis.info\/blog\/wp-content\/uploads\/2023\/12\/image.png\" alt=\"\" class=\"wp-image-1335\" srcset=\"https:\/\/www.deminimis.info\/blog\/wp-content\/uploads\/2023\/12\/image.png 525w, https:\/\/www.deminimis.info\/blog\/wp-content\/uploads\/2023\/12\/image-300x114.png 300w\" sizes=\"auto, (max-width: 525px) 100vw, 525px\" \/><\/a><\/figure>\n<\/div>\n\n\n<h4 class=\"wp-block-heading\">LKW F\u00f6rderung mit De-Minimis: Nie ohne Steuerberechnung<\/h4>\n\n\n\n<p>Auch ohne genaue Abstimmung der steuerrechtlichen Auswirkungen kann der Abruf der LKW-F\u00f6rderung im Programm De-Minimis in der gesamten Summe, als Kauf, nicht erfolgen. Zumindest nicht sinnvoll. <\/p>\n\n\n\n<p>Schlie\u00dflich kann der De-Minimis Zuschuss aus der LKW-F\u00f6rderung erfolgswirksam behandelt werden, z\u00e4hlt dann zu den Anschaffungskosten und ver\u00e4ndert nat\u00fcrlich die Bemessungsgrundlage f\u00fcr die Abschreibungen des Fahrzeugs &#8211; oder er wird erfolgsneutral i.S. von <a href=\"https:\/\/www.gesetze-im-internet.de\/hgb\/__255.html\">\u00a7 255 Abs. 1 Satz 3 HGB<\/a> behandelt. Wie viel von einem Zuschuss aus dem <a href=\"https:\/\/www.deminimis.info\">De-Minimis<\/a> F\u00f6rderprogramm f\u00fcr die Anschaffung eines LKW nach Abzug aller steuerlichen Effekte \u00fcbrigbleibt, <strong>ist etwas ganz anderes<\/strong> als der Betrag, der auf dem Firmenkonto eingeht. Sofern die Berechnung aufgrund der AfA-Tabellen des Finanzministeriums erfolgt, wird zudem gelegentlich \u00fcbersehen, da\u00df es f\u00fcr Unternehmen der Personen- und G\u00fcterbef\u00f6rderung im Stra\u00dfenverkehr eigene AfA-Tabellen gibt, also nicht die allgemeine Tabelle gilt.<\/p>\n\n\n\n<p>Der Vorteil der Abrechnung als Kauf: Es geht sehr einfach und schnell, als h\u00e4tte man gerade einen Satz neue Reifen gekauft. Diesen Vorteil hat aber oft nur derjenige Mitarbeiter im antragstellenden Unternehmen oder der externe F\u00f6rdermittelberater, der sich damit besch\u00e4ftigt: Derjenige hat dann eben nur sehr, sehr wenig Aufwand. (Denken Sie an die Schuhe mit Klettverschluss) Das antragstellende Unternehmen hat meistens nur finanzielle Nachteile.<\/p>\n\n\n\n<p>Sinnvoller erscheint deshalb oft den De-Minimis Zuschuss aus der LKW-F\u00f6rderung \u00fcber die Laufzeit des Miet- oder Finanzierungsvertrags abzurufen. Der monatliche Zuschuss, in der Regel im unteren dreistelligen Bereich, summiert sich zwar \u00fcber die 12 monatlichen Raten. Aber selbst bei nur einem ber\u00fccksichtigungsf\u00e4higem Fahrzeug, also einem F\u00f6rderh\u00f6chstbetrag von j\u00e4hrlich 2.000 Euro nach der alten De-Minimis Richtlinie, kann oft der gesamte zustehende Betrag abgerufen werden. Bei einem gr\u00f6\u00dferen Fuhrpark &#8211; und einem h\u00f6heren F\u00f6rderh\u00f6chstbetrag &#8211; bleibt so viel Budget f\u00fcr viele der anderen f\u00f6rderf\u00e4higen Ma\u00dfnahmen. (<a href=\"https:\/\/www.deminimis.info\/was-wird-gefoerdert\/index.php\">Lesen Sie auch: De-Minimis &#8211; was wird gef\u00f6rdert?<\/a>)<\/p>\n\n\n\n<p>Grunds\u00e4tzlich ist dies m\u00f6glich, wenn Sie das Fahrzeug nach<a href=\"https:\/\/www.gesetze-im-internet.de\/hgb\/__246.html\"> \u00a7 246 HGB<\/a> in der Bilanz aktivieren. Nutzen Sie unseren <a href=\"https:\/\/www.speditionsexperten.de\/deminimis-einfach\/\">De-Minimis F\u00f6rdermittelservice<\/a> ab 12,90 Euro je LKW und Monat, pr\u00fcfen wir die M\u00f6glichkeiten bei Anschaffung.<\/p>\n\n\n\n<h3 class=\"wp-block-heading\">LKW-F\u00f6rderung mit De-Minimis: Eigenkapitalersatz f\u00fcr die Finanzierung<\/h3>\n\n\n\n<p>Es gilt immer: Die Zusch\u00fcsse aus dem F\u00f6rderprogramm <a href=\"https:\/\/www.deminimis.info\">De-Minimis<\/a> sind nicht \u00fcbertragbar. Damit k\u00f6nnen Sie auch nicht an eine Bank oder Dritte abgetreten werden.<\/p>\n\n\n\n<p>Dennoch gibt es Finanzierer, die bei Darlehen und Mietkaufvertr\u00e4gen von neuen oder gebrauchten LKW, Zugmaschinen und Aufliegern die voraussichtlichen De-Minimis Zusch\u00fcsse in ihrer Kalkulation ber\u00fccksichtigen. Das kann den Zinssatz senken &#8211; die LKW-F\u00f6rderung aus dem De-Minimis F\u00f6rderprogramm sollte deshalb stets in die Finanzierungsverhandlung mitgenommen und thematisiert werden.<\/p>\n\n\n\n<p class=\"has-text-align-center\"><em>Nutzen Sie unseren t\u00e4glich k\u00fcndbaren De-Minimis-F\u00f6rdermittelservice bereits? Dann k\u00fcmmern wir uns um Ihre monatlichen Zusch\u00fcsse aus der LKW-F\u00f6rderung im Programm De-Minimis. Ansonsten: Klicken Sie hier!<\/em><\/p>\n\n\n<div class=\"wp-block-image\">\n<figure class=\"aligncenter size-full\"><a href=\"https:\/\/www.speditionsexperten.de\/deminimis\/\"><img loading=\"lazy\" decoding=\"async\" width=\"525\" height=\"200\" src=\"https:\/\/www.deminimis.info\/blog\/wp-content\/uploads\/2023\/12\/image.png\" alt=\"\" class=\"wp-image-1335\" srcset=\"https:\/\/www.deminimis.info\/blog\/wp-content\/uploads\/2023\/12\/image.png 525w, https:\/\/www.deminimis.info\/blog\/wp-content\/uploads\/2023\/12\/image-300x114.png 300w\" sizes=\"auto, (max-width: 525px) 100vw, 525px\" \/><\/a><\/figure>\n<\/div>\n\n\n<h3 class=\"wp-block-heading\">De-Minimis LKW F\u00f6rderung bei Verpachtung von Besitzgesellschaft an Betriebsgesellschaft<\/h3>\n\n\n\n<p>Es gibt viele Gr\u00fcnde, das Anlageverm\u00f6gen in einer separaten Besitzgesellschaft zu bewahren. Die Besitzgesellschaft ist im F\u00f6rderprogramm De-Minimis nicht antragsberechtigt, da sie keinen G\u00fcterkraftverkehr betreibt, sondern vermietet und verpachtet. Die Betriebsgesellschaft, die den <a href=\"https:\/\/www.deminimis.info\/deminimis-glossar\/deminimis-antrag.php\">De-Minimis Antrag<\/a> im <a href=\"https:\/\/www.deminimis.info\">Programm De-Minimis<\/a> stellt, pachtet dann unter anderem die LKW von der Besitzgesellschaft. <\/p>\n\n\n\n<p>Sofern bestimmte Bedingungen erf\u00fcllt sind, erlaubt das F\u00f6rderprogramm De-Minimis auch in dieser h\u00e4ufigen Konstellation die Bezuschussung der monatlichen Mieten von der Betriebsgesellschaft an die Besitzgesellschaft. Die LKW-F\u00f6rderung wird dann an die Betriebsgesellschaft ausgezahlt. Sofern Sie unseren <a href=\"https:\/\/www.speditionsexperten.de\/deminimis\/\">De-Minimis F\u00f6rdermittelservice<\/a> ab 12,90 Euro je LKW und Monat nutzen, finden wir hier die optimale L\u00f6sung f\u00fcr Sie. Sprechen Sie uns an!<\/p>\n\n\n\n<h3 class=\"wp-block-heading\">LKW F\u00f6rderung: <strong>De-Minimis F\u00f6rderprogramm unterscheidet nicht zwischen neu und gebraucht<\/strong><\/h3>\n\n\n\n<p>Das F\u00f6rderprogramm De-Minimis unterscheidet beim Zuschuss f\u00fcr den LKW-Kauf oder Auflieger-Kauf nicht zwischen neu und gebraucht. Das gilt auch f\u00fcr die LKW-F\u00f6rderung im Rahmen des F\u00f6rderprogramms De-Minimis. Da aber nur die im jeweiligen De-Minimis Bewilligungszeitraum f\u00f6rderf\u00e4hige Ausstattung bezuschusst wird, ist die Bemessungsgrundlage der sogenannte <strong>Zeitwert<\/strong> der anteiligen Kosten der f\u00f6rderf\u00e4higen Ausstattung. <\/p>\n\n\n\n<p>W\u00e4hrend man beim Neukauf eines LKW oder Aufliegers eine \u00dcbersicht der anteiligen Kosten der f\u00f6rderf\u00e4higen Ausstattung f\u00fcr das Programm De-Minimis zum Zeitpunkt der Erstzulassung vom LKW-H\u00e4ndler erh\u00e4lt, muss f\u00fcr die LKW-F\u00f6rderung beim gebrauchten Fahrzeug der Zeitwert vom Fahrersitz bis zum Intarder auf den Zeitpunkt der \u00dcbernahme des gebrauchten LKW berechnet werden. Es muss also eine <strong>exakte Abschreibung<\/strong> auf den jeweiligen Wert zum Zeitpunkt der \u00dcbernahme des LKW berechnet werden. Abweichungen nach oben f\u00fchren zu zu hohen De-Minimis Zusch\u00fcssen bei der Anschaffung eines gebrauchten LKWs oder Anh\u00e4ngers und sind damit subventionserheblich (vorsicht! Lesen Sie auch <a href=\"https:\/\/www.deminimis.info\/blog\/9-tipps-um-der-naechsten-de-minimis-pruefung-des-bag-in-ihren-geschaeftsraeumen-entspannt-entgegenzusehen\/\">unsere 9 Tipps, um der n\u00e4chsten Pr\u00fcfung des BALM in Ihren Gesch\u00e4ftsr\u00e4umen entspannt entgegenzusehen<\/a>) &#8211; keinesfalls kann man also die Ausstattungs\u00fcbersichten des Neufahrzeugs nutzen. Abweichungen nach unten f\u00fchren zu zu geringen Zusch\u00fcssen auf dem Programm De-Minimis. Von m\u00f6glichen steuerlichen Konsequenzen beim Ansatz falscher Zeitwerte ganz ab.<\/p>\n\n\n\n<p>Sofern Sie unseren <a href=\"https:\/\/www.speditionsexperten.de\/deminimis\/\">De-Minimis F\u00f6rdermittelservice ab 12,90 Euro je LKW und Monat<\/a> nutzen, berechnen wir f\u00fcr nat\u00fcrlich den exakten Zeitwert f\u00fcr die f\u00f6rderf\u00e4hige Ausstattung f\u00fcr gebrauchte Fahrzeuge. Und nat\u00fcrlich auch alles drumherum, damit Sie den Zuschuss f\u00fcr Ihre gebrauchten LKW und Auflieger ohne weiteren Aufwand erhalten.<\/p>\n\n\n\n<div class=\"wp-block-media-text alignwide is-stacked-on-mobile\"><figure class=\"wp-block-media-text__media\"><video controls src=\"https:\/\/www.deminimis.info\/blog\/wp-content\/uploads\/2019\/12\/abagonia.mp4\"><\/video><\/figure><div class=\"wp-block-media-text__content\">\n<p>Kennen Sie unseren<strong> De-Minimis F\u00f6rdermittelservice<\/strong>? Unser Video auf der linken Seite erkl\u00e4rt Ihnen in zwei Minuten wie einfach der Abruf der De-Minimis-F\u00f6rdermittel mit uns ist.<\/p>\n<\/div><\/div>\n\n\n\n<h3 class=\"wp-block-heading\">LKW-F\u00f6rderung: <strong>Kein Zuschuss ohne Zweckbindung &#8211; das gilt auch f\u00fcr das F\u00f6rderprogramm De-Minimis<\/strong><\/h3>\n\n\n\n<p>Alle Wirtschaftsg\u00fcter, die \u00fcber das F\u00f6rderprogramm <a href=\"https:\/\/www.deminimis.info\">De-Minimis<\/a> gef\u00f6rdert werden, sind mindestens ein Jahr nach der Anschaffung zu verwenden. Und dar\u00fcber hinaus nat\u00fcrlich pfleglich zu behandeln. <\/p>\n\n\n\n<p>Das gilt auch f\u00fcr neue oder gebrauchte LKW, Anh\u00e4nger, Zugmaschinen und Auflieger, wenn Sie hierauf einen De-Minimis Zuschuss erhalten haben oder laufend erhalten. Dadurch folgt nat\u00fcrlich, da\u00df Miet- oder Leasingvertr\u00e4ge mit weniger als einem Jahr Laufzeit im F\u00f6rderprogramm De-Minimis nicht bezuschusst werden k\u00f6nnen. Vor allem aber: Bei Leasing- oder Mietvertr\u00e4gen, also solchen, bei denen Sie das Fahrzeug nicht nach \u00a7 246 HGB aktivieren, und es in weniger als 12 Monaten zur\u00fcckgeben, ist auch keine weitere Ma\u00dfnahme mehr f\u00f6rderf\u00e4hig. Ein Beispiel:<\/p>\n\n\n\n<h4 class=\"wp-block-heading\">LKW-F\u00f6rderung: Ab 12 Monate vor R\u00fcckgabe keine Ma\u00dfnahmen f\u00f6rderf\u00e4hig!<\/h4>\n\n\n\n<p>Sie haben eine Zugmaschine gemietet. Der Mietvertrag f\u00fcr die Zugmaschine wird \u00fcber das F\u00f6rderprogramm De-Minimis monatlich mit 240 Euo bezuschusst. Der Mietvertrag endet in sechs Monaten. Die Zugmaschine wird dann dem Vermieter zur\u00fcckgegeben.<\/p>\n\n\n\n<p>Drei Monate vor Ende der Mietdauer bleibt Ihr Fahrer an einem Dachvorsprung h\u00e4ngen. Die get\u00f6nte Windschutzscheibe springt und der <a href=\"https:\/\/www.deminimis.info\/was-wird-gefoerdert\/massnahmen-zur-verringerung-des-luftwiderstands.php\">Spoiler<\/a> dar\u00fcber ist kaputt. Sowohl der Austausch und die Kosten f\u00fcr die Lackierung des Spoilers w\u00e4ren in der Regel \u00fcber das F\u00f6rderprogramm De-Minimis f\u00f6rderf\u00e4hig. Ebenso die Mehrkosten f\u00fcr die T\u00f6nung der Windschutzscheibe und die anteiligen Austauschkosten &#8211; in der Regel ungef\u00e4hr die Differenz zur Selbstbeteiligung bei der Teilkasko. Da die Zweckbindungsfrist sowohl f\u00fcr den Spoiler als auch f\u00fcr die Winschutzscheibe weniger als drei Monate betr\u00e4gt, werden diese nicht mehr bezuschusst. Ein <a href=\"https:\/\/www.deminimis.info\/deminimis-glossar\/verwendungsnachweis.php\">De-Minimis Verwendungsnachweis<\/a> darf also nicht mehr daf\u00fcr gestellt werden.<\/p>\n\n\n\n<p>Wichtig ist: Haben Sie dies in der Vergangenheit einmal getan, beispielsweise neue Reifen vor der R\u00fcckgabe des Leasingfahrzeugs mit De-Minimis bezuschussen lassen, k\u00f6nnen Sie davon ausgehen, da\u00df es innerhalb der bis zu zehnj\u00e4hrigen Verj\u00e4hrungsfrist auffallen wird. Dies kann auch durch eine Kontrollmitteilung der Finanzverwaltung bei dem Reifenh\u00e4ndler erfolgen. Lesen Sie hierzu auch: <a href=\"De-Minimis: Reparaturen und Ersatzbeschaffung vor der Fahrzeugr\u00fcckgabe bei Miet-LKW und Leasing-LKW und beim Verkauf\">De-Minimis: Reparaturen und Ersatzbeschaffung vor der Fahrzeugr\u00fcckgabe bei Miet-LKW und Leasing-LKW und beim Verkauf<\/a><\/p>\n\n\n\n<p>Dennoch erhalten Sie weiterhin bis zum Ende der Mietzeit monatlich die 240 Euro Zuschuss. (W\u00fcrden Sie keinen Zuschuss erhalten, w\u00fcrde dies nat\u00fcrlich auch nichts an der Zweckbindung \u00e4ndern: Windschutzscheibe und Spoiler sind dann dennoch nicht f\u00f6rderf\u00e4hig.)<\/p>\n\n\n\n<h3 class=\"wp-block-heading\">LKW-F\u00f6rderung: <strong>Der Zeitpunkt des Ma\u00dfnahmenbeginns und die fristgerechte Anzeige im De-Minimis Programm<\/strong><\/h3>\n\n\n\n<p>Der Zeitpunkt des De-Minimis Ma\u00dfnahmenbeginns muss innerhalb des ersten Bewilligungszeitraums erfolgen und, wenn das Fahrzeug erst mit zeitlichem Abstand und nach Fristende ausgeliefert wird, fristgerecht dem Bundesamt angezeigt werden. Dabei gilt wie immer im <a href=\"https:\/\/www.deminimis.info\">F\u00f6rderprogramm De-Minimis<\/a>: Der Abschluss eines der Ausf\u00fchrung zuzurechnenden Lieferungs- oder Leistungsvertrags (4.2 der Richtlinie De-Minimis) gilt als Ma\u00dfnahmenbeginn. Mit anderen Worten: In dem Moment, in dem die Bestellung unterschrieben wird, beginnt das Vorhaben.<\/p>\n\n\n\n<p>Gelegentlich h\u00f6ren wir von F\u00e4llen, in denen ein Fahrzeug im aktuellen Jahr ausgeliefert wird, aber im vergangenen Jahr die Anzeige der Bestellung vergessen wurde. Oder schlichtweg nicht bekannt war, da\u00df das Fahrzeug sehr hoch bezuschusst w\u00fcrde. Der Zuschuss ist dann verloren. Oft gehen diese Erz\u00e4hlungen dann einher mit Berichten, da\u00df Bestelldatum doch nicht anzeigen zu m\u00fcssen. Klarer Hinweis: Denken Sie nicht einmal daran einen Verwendungsnachweis in solchen F\u00e4llen auch nur zu erstellen! Riskieren Sie nicht Ihre <a href=\"https:\/\/www.deminimis.info\/deminimis-glossar\/eu-lizenz.php\">EU-Lizenz<\/a> oder <a href=\"https:\/\/www.deminimis.info\/deminimis-glossar\/erlaubnis-gewerblicher-gueterkraftverkehr.php\">nationale Genehmigung<\/a> und Ihre Existenz. Sp\u00e4testens bei der n\u00e4chsten Betriebspr\u00fcfung durch das Finanzamt &#8211; bei Ihnen oder bei Ihrem H\u00e4ndler &#8211; sind alle Fahrzeugbestellungen f\u00fcr die Verwaltung transparent. Ebenso wie f\u00fcr das Finanzamt sichtbar ist, von wo und wof\u00fcr Sie Zusch\u00fcsse erhalten haben. Bedenken Sie auch die zehnj\u00e4hrige Verj\u00e4hrungsfrist und die zunehmende Digitalisierung insbesondere der Finanzverwaltung.<\/p>\n\n\n\n<h3 class=\"wp-block-heading\">LKW-F\u00f6rderung: Risiko \u00c4nderung De-Minimis Ma\u00dfnahmenkatalog!<\/h3>\n\n\n\n<p>\u00c4nderungen im <a href=\"https:\/\/www.deminimis.info\/was-wird-gefoerdert\/index.php\">De-Minimis Ma\u00dfnahmenkatalog<\/a>, die Auswirkungen auf die f\u00f6rderf\u00e4hige Ausstattung des LKW, der Zugmaschine oder des Aufliegers haben, f\u00fchren zu regelm\u00e4\u00dfigen \u00c4nderungen der <a href=\"https:\/\/www.deminimis.info\/deminimis-glossar\/verwendungsnachweis.php\">De-Minimis Verwendungsnachweise<\/a> f\u00fcr die LKW-F\u00f6rderung im Programm De-Minimis. Einschneidend war hier beispielsweise der <a href=\"https:\/\/www.deminimis.info\/blog\/de-minimis-2023-ladungssicherung-nicht-mehr-forderfahig\/\">Wegfall der F\u00f6rderung von zus\u00e4tzlicher Ladungssicherung<\/a> in zeitlicher N\u00e4he zur \u00dcbernahme der Regierungsgesch\u00e4fte durch die Ampel-Koalition. <\/p>\n\n\n\n<p>Auflieger, insbesondere mit Plane-Spriegel Aufbau, k\u00f6nnen mit einer Menge <a href=\"https:\/\/www.deminimis.info\/was-wird-gefoerdert\/optimale-ladungssicherung.php\">zus\u00e4tzlicher Ladungssicherungsma\u00dfnahmen<\/a> ausgestattet werden. Diese war in der Vergangenheit f\u00f6rderf\u00e4hig und hat damit den monatlichen Zuschuss in der LKW-F\u00f6rderung erh\u00f6ht. Als die F\u00f6rderung von Ladungssicherung gestrichen wurde, mussten die Verwendungsnachweise entsprechend reduziert werden. Hierdurch sank dann auch &#8211; bei laufenden Finanzierung &#8211; der monatliche Zuschuss.<\/p>\n\n\n\n<p class=\"has-text-align-center\"><em>Nutzen Sie unseren t\u00e4glich k\u00fcndbaren De-Minimis-F\u00f6rdermittelservice bereits? Dann k\u00fcmmern wir uns um Ihre monatlichen Zusch\u00fcsse aus der LKW-F\u00f6rderung im Programm De-Minimis. Ansonsten: Klicken Sie hier!<\/em><\/p>\n\n\n<div class=\"wp-block-image\">\n<figure class=\"aligncenter size-full\"><a href=\"https:\/\/www.speditionsexperten.de\/deminimis\/\"><img loading=\"lazy\" decoding=\"async\" width=\"525\" height=\"200\" src=\"https:\/\/www.deminimis.info\/blog\/wp-content\/uploads\/2023\/12\/image.png\" alt=\"\" class=\"wp-image-1335\" srcset=\"https:\/\/www.deminimis.info\/blog\/wp-content\/uploads\/2023\/12\/image.png 525w, https:\/\/www.deminimis.info\/blog\/wp-content\/uploads\/2023\/12\/image-300x114.png 300w\" sizes=\"auto, (max-width: 525px) 100vw, 525px\" \/><\/a><\/figure>\n<\/div>\n\n\n<h4 class=\"wp-block-heading\"><em>Nutzen Sie die umfassenden M\u00f6glichkeiten staatlicher F\u00f6rderung. Nutzen Sie unsere betriebswirtschaftliche und strategische Kompetenz, ganz einfach mit unserem De-Minimis <strong><a href=\"https:\/\/www.speditionsexperten.de\/deminimis\/\">F\u00f6rdermittelservice ab 12,90 Euro je Monat und LKW<\/a> <\/strong><\/em><\/h4>\n\n\n\n<p><em>Die Angaben auf dieser Seite sind nach besten Wissen und Gewissen  zusammengestellt. Dennoch \u00fcbernehmen wir ausdr\u00fccklich keine Haftung f\u00fcr deren Aktualit\u00e4t, Vollst\u00e4ndigkeit  und Richtigkeit. Bitte informieren Sie sich im Zweifel immer bei den zust\u00e4ndigen Beh\u00f6rden um rechtssichere Informationen zu erhalten.<br>Unsere Erkl\u00e4rung zum Datenschutz finden Sie hier: <a href=\"http:\/\/www.abagonia.de\/datenstuss\/datastuss.php\">Datenschutz<\/a> <\/em> <\/p>\n\n\n\n<p><em>* Mit einem Sternchen * gekennzeichnete Links sind Werbelinks: Sollten Sie etwas \u00fcber einen solchen Link kaufen, erhalten wir eine Provision. Ihre Kosten steigen hierdurch nicht.<\/em><\/p>\n","protected":false},"excerpt":{"rendered":"<p>De-Minimis: LKW F\u00f6rderung: Zuschuss bei Kauf und Miete f\u00fcr neue und gebrauchte LKW und Auflieger<\/p>\n<div class=\"more-link-wrapper\"><a class=\"more-link\" href=\"https:\/\/www.deminimis.info\/blog\/de-minimis-zuschuss-bei-kauf-neuer-und-gebrauchter-lkw-und-anhaenger\/\">Hier weiterlesen zu diesem De-Minimis Thema<span class=\"screen-reader-text\">De-Minimis LKW F\u00f6rderung: Zuschuss bei Kauf und Miete f\u00fcr neue und gebrauchte LKW, Zugmaschinen, Auflieger und Anh\u00e4nger<\/span><\/a><\/div>\n","protected":false},"author":1,"featured_media":1345,"comment_status":"closed","ping_status":"open","sticky":false,"template":"","format":"standard","meta":{"footnotes":""},"categories":[1,77,59],"tags":[3,4,141,140],"class_list":["post-1342","post","type-post","status-publish","format-standard","has-post-thumbnail","hentry","category-allgemein","category-de-minimis-massnahmen","category-fahrzeugfinanzierung","tag-de-minimis","tag-deminimis","tag-gebraucht","tag-lkw-kauf","entry"],"yoast_head":"<!-- This site is optimized with the Yoast SEO plugin v25.1 - https:\/\/yoast.com\/wordpress\/plugins\/seo\/ -->\n<title>LKW F\u00f6rderung: Zuschuss bei Kauf und Miete, gebraucht und neu<\/title>\n<meta name=\"description\" content=\"De-Minimis: LKW F\u00f6rderung: Zuschuss bei Kauf und Miete f\u00fcr neue und gebrauchte LKW und Auflieger - hier informieren!\" \/>\n<meta name=\"robots\" content=\"index, follow, max-snippet:-1, max-image-preview:large, max-video-preview:-1\" \/>\n<link rel=\"canonical\" href=\"https:\/\/www.deminimis.info\/blog\/de-minimis-zuschuss-bei-kauf-neuer-und-gebrauchter-lkw-und-anhaenger\/\" \/>\n<meta property=\"og:locale\" content=\"de_DE\" \/>\n<meta property=\"og:type\" content=\"article\" \/>\n<meta property=\"og:title\" content=\"LKW F\u00f6rderung: Zuschuss bei Kauf und Miete, gebraucht und neu\" \/>\n<meta property=\"og:url\" content=\"https:\/\/www.deminimis.info\/blog\/de-minimis-zuschuss-bei-kauf-neuer-und-gebrauchter-lkw-und-anhaenger\/\" \/>\n<meta property=\"og:site_name\" content=\"De-Minimis Depesche: Der Blog zum F\u00f6rderprogramm des BALM\" \/>\n<meta property=\"article:published_time\" content=\"2024-01-18T13:33:19+00:00\" \/>\n<meta property=\"article:modified_time\" content=\"2024-01-18T19:41:40+00:00\" \/>\n<meta property=\"og:image\" content=\"https:\/\/www.deminimis.info\/blog\/wp-content\/uploads\/2024\/01\/Zuschuss-LKW-Kauf-wp.jpeg\" \/>\n\t<meta property=\"og:image:width\" content=\"570\" \/>\n\t<meta property=\"og:image:height\" content=\"285\" \/>\n\t<meta property=\"og:image:type\" content=\"image\/jpeg\" \/>\n<meta name=\"author\" content=\"Daniel\" \/>\n<meta name=\"twitter:card\" content=\"summary_large_image\" \/>\n<meta name=\"twitter:label1\" content=\"Verfasst von\" \/>\n\t<meta name=\"twitter:data1\" content=\"Daniel\" \/>\n\t<meta name=\"twitter:label2\" content=\"Gesch\u00e4tzte Lesezeit\" \/>\n\t<meta name=\"twitter:data2\" content=\"18\u00a0Minuten\" \/>\n<script type=\"application\/ld+json\" class=\"yoast-schema-graph\">{\"@context\":\"https:\/\/schema.org\",\"@graph\":[{\"@type\":\"WebPage\",\"@id\":\"https:\/\/www.deminimis.info\/blog\/de-minimis-zuschuss-bei-kauf-neuer-und-gebrauchter-lkw-und-anhaenger\/\",\"url\":\"https:\/\/www.deminimis.info\/blog\/de-minimis-zuschuss-bei-kauf-neuer-und-gebrauchter-lkw-und-anhaenger\/\",\"name\":\"LKW F\u00f6rderung: Zuschuss bei Kauf und Miete, gebraucht und neu\",\"isPartOf\":{\"@id\":\"https:\/\/www.deminimis.info\/blog\/#website\"},\"primaryImageOfPage\":{\"@id\":\"https:\/\/www.deminimis.info\/blog\/de-minimis-zuschuss-bei-kauf-neuer-und-gebrauchter-lkw-und-anhaenger\/#primaryimage\"},\"image\":{\"@id\":\"https:\/\/www.deminimis.info\/blog\/de-minimis-zuschuss-bei-kauf-neuer-und-gebrauchter-lkw-und-anhaenger\/#primaryimage\"},\"thumbnailUrl\":\"https:\/\/www.deminimis.info\/blog\/wp-content\/uploads\/2024\/01\/Zuschuss-LKW-Kauf-wp.jpeg\",\"datePublished\":\"2024-01-18T13:33:19+00:00\",\"dateModified\":\"2024-01-18T19:41:40+00:00\",\"author\":{\"@id\":\"https:\/\/www.deminimis.info\/blog\/#\/schema\/person\/6b3255a7efd1042af084eaeb98d306af\"},\"description\":\"De-Minimis: LKW F\u00f6rderung: Zuschuss bei Kauf und Miete f\u00fcr neue und gebrauchte LKW und Auflieger - hier informieren!\",\"breadcrumb\":{\"@id\":\"https:\/\/www.deminimis.info\/blog\/de-minimis-zuschuss-bei-kauf-neuer-und-gebrauchter-lkw-und-anhaenger\/#breadcrumb\"},\"inLanguage\":\"de\",\"potentialAction\":[{\"@type\":\"ReadAction\",\"target\":[\"https:\/\/www.deminimis.info\/blog\/de-minimis-zuschuss-bei-kauf-neuer-und-gebrauchter-lkw-und-anhaenger\/\"]}]},{\"@type\":\"ImageObject\",\"inLanguage\":\"de\",\"@id\":\"https:\/\/www.deminimis.info\/blog\/de-minimis-zuschuss-bei-kauf-neuer-und-gebrauchter-lkw-und-anhaenger\/#primaryimage\",\"url\":\"https:\/\/www.deminimis.info\/blog\/wp-content\/uploads\/2024\/01\/Zuschuss-LKW-Kauf-wp.jpeg\",\"contentUrl\":\"https:\/\/www.deminimis.info\/blog\/wp-content\/uploads\/2024\/01\/Zuschuss-LKW-Kauf-wp.jpeg\",\"width\":570,\"height\":285,\"caption\":\"De-Minimis Zuschuss f\u00fcr neue und gebrauchte LKW, Auflieger und Anh\u00e4nger\"},{\"@type\":\"BreadcrumbList\",\"@id\":\"https:\/\/www.deminimis.info\/blog\/de-minimis-zuschuss-bei-kauf-neuer-und-gebrauchter-lkw-und-anhaenger\/#breadcrumb\",\"itemListElement\":[{\"@type\":\"ListItem\",\"position\":1,\"name\":\"Startseite\",\"item\":\"https:\/\/www.deminimis.info\/blog\/\"},{\"@type\":\"ListItem\",\"position\":2,\"name\":\"De-Minimis LKW F\u00f6rderung: Zuschuss bei Kauf und Miete f\u00fcr neue und gebrauchte LKW, Zugmaschinen, Auflieger und Anh\u00e4nger\"}]},{\"@type\":\"WebSite\",\"@id\":\"https:\/\/www.deminimis.info\/blog\/#website\",\"url\":\"https:\/\/www.deminimis.info\/blog\/\",\"name\":\"De-Minimis Depesche: Der Blog zum F\u00f6rderprogramm des BALM\",\"description\":\"Der Blog zum F\u00f6rderprogramm Umweltschutz und Sicherheit (vormals De-Minimis) des BALM\",\"potentialAction\":[{\"@type\":\"SearchAction\",\"target\":{\"@type\":\"EntryPoint\",\"urlTemplate\":\"https:\/\/www.deminimis.info\/blog\/?s={search_term_string}\"},\"query-input\":{\"@type\":\"PropertyValueSpecification\",\"valueRequired\":true,\"valueName\":\"search_term_string\"}}],\"inLanguage\":\"de\"},{\"@type\":\"Person\",\"@id\":\"https:\/\/www.deminimis.info\/blog\/#\/schema\/person\/6b3255a7efd1042af084eaeb98d306af\",\"name\":\"Daniel\",\"image\":{\"@type\":\"ImageObject\",\"inLanguage\":\"de\",\"@id\":\"https:\/\/www.deminimis.info\/blog\/#\/schema\/person\/image\/\",\"url\":\"https:\/\/secure.gravatar.com\/avatar\/07168cc724f6149b46c55fbe89351773f3d0b61fb477123317f4bb9363a82ded?s=96&d=mm&r=g\",\"contentUrl\":\"https:\/\/secure.gravatar.com\/avatar\/07168cc724f6149b46c55fbe89351773f3d0b61fb477123317f4bb9363a82ded?s=96&d=mm&r=g\",\"caption\":\"Daniel\"},\"url\":\"https:\/\/www.deminimis.info\/blog\/author\/daniel\/\"}]}<\/script>\n<!-- \/ Yoast SEO plugin. -->","yoast_head_json":{"title":"LKW F\u00f6rderung: Zuschuss bei Kauf und Miete, gebraucht und neu","description":"De-Minimis: LKW F\u00f6rderung: Zuschuss bei Kauf und Miete f\u00fcr neue und gebrauchte LKW und Auflieger - hier informieren!","robots":{"index":"index","follow":"follow","max-snippet":"max-snippet:-1","max-image-preview":"max-image-preview:large","max-video-preview":"max-video-preview:-1"},"canonical":"https:\/\/www.deminimis.info\/blog\/de-minimis-zuschuss-bei-kauf-neuer-und-gebrauchter-lkw-und-anhaenger\/","og_locale":"de_DE","og_type":"article","og_title":"LKW F\u00f6rderung: Zuschuss bei Kauf und Miete, gebraucht und neu","og_url":"https:\/\/www.deminimis.info\/blog\/de-minimis-zuschuss-bei-kauf-neuer-und-gebrauchter-lkw-und-anhaenger\/","og_site_name":"De-Minimis Depesche: Der Blog zum F\u00f6rderprogramm des BALM","article_published_time":"2024-01-18T13:33:19+00:00","article_modified_time":"2024-01-18T19:41:40+00:00","og_image":[{"width":570,"height":285,"url":"https:\/\/www.deminimis.info\/blog\/wp-content\/uploads\/2024\/01\/Zuschuss-LKW-Kauf-wp.jpeg","type":"image\/jpeg"}],"author":"Daniel","twitter_card":"summary_large_image","twitter_misc":{"Verfasst von":"Daniel","Gesch\u00e4tzte Lesezeit":"18\u00a0Minuten"},"schema":{"@context":"https:\/\/schema.org","@graph":[{"@type":"WebPage","@id":"https:\/\/www.deminimis.info\/blog\/de-minimis-zuschuss-bei-kauf-neuer-und-gebrauchter-lkw-und-anhaenger\/","url":"https:\/\/www.deminimis.info\/blog\/de-minimis-zuschuss-bei-kauf-neuer-und-gebrauchter-lkw-und-anhaenger\/","name":"LKW F\u00f6rderung: Zuschuss bei Kauf und Miete, gebraucht und neu","isPartOf":{"@id":"https:\/\/www.deminimis.info\/blog\/#website"},"primaryImageOfPage":{"@id":"https:\/\/www.deminimis.info\/blog\/de-minimis-zuschuss-bei-kauf-neuer-und-gebrauchter-lkw-und-anhaenger\/#primaryimage"},"image":{"@id":"https:\/\/www.deminimis.info\/blog\/de-minimis-zuschuss-bei-kauf-neuer-und-gebrauchter-lkw-und-anhaenger\/#primaryimage"},"thumbnailUrl":"https:\/\/www.deminimis.info\/blog\/wp-content\/uploads\/2024\/01\/Zuschuss-LKW-Kauf-wp.jpeg","datePublished":"2024-01-18T13:33:19+00:00","dateModified":"2024-01-18T19:41:40+00:00","author":{"@id":"https:\/\/www.deminimis.info\/blog\/#\/schema\/person\/6b3255a7efd1042af084eaeb98d306af"},"description":"De-Minimis: LKW F\u00f6rderung: Zuschuss bei Kauf und Miete f\u00fcr neue und gebrauchte LKW und Auflieger - hier informieren!","breadcrumb":{"@id":"https:\/\/www.deminimis.info\/blog\/de-minimis-zuschuss-bei-kauf-neuer-und-gebrauchter-lkw-und-anhaenger\/#breadcrumb"},"inLanguage":"de","potentialAction":[{"@type":"ReadAction","target":["https:\/\/www.deminimis.info\/blog\/de-minimis-zuschuss-bei-kauf-neuer-und-gebrauchter-lkw-und-anhaenger\/"]}]},{"@type":"ImageObject","inLanguage":"de","@id":"https:\/\/www.deminimis.info\/blog\/de-minimis-zuschuss-bei-kauf-neuer-und-gebrauchter-lkw-und-anhaenger\/#primaryimage","url":"https:\/\/www.deminimis.info\/blog\/wp-content\/uploads\/2024\/01\/Zuschuss-LKW-Kauf-wp.jpeg","contentUrl":"https:\/\/www.deminimis.info\/blog\/wp-content\/uploads\/2024\/01\/Zuschuss-LKW-Kauf-wp.jpeg","width":570,"height":285,"caption":"De-Minimis Zuschuss f\u00fcr neue und gebrauchte LKW, Auflieger und Anh\u00e4nger"},{"@type":"BreadcrumbList","@id":"https:\/\/www.deminimis.info\/blog\/de-minimis-zuschuss-bei-kauf-neuer-und-gebrauchter-lkw-und-anhaenger\/#breadcrumb","itemListElement":[{"@type":"ListItem","position":1,"name":"Startseite","item":"https:\/\/www.deminimis.info\/blog\/"},{"@type":"ListItem","position":2,"name":"De-Minimis LKW F\u00f6rderung: Zuschuss bei Kauf und Miete f\u00fcr neue und gebrauchte LKW, Zugmaschinen, Auflieger und Anh\u00e4nger"}]},{"@type":"WebSite","@id":"https:\/\/www.deminimis.info\/blog\/#website","url":"https:\/\/www.deminimis.info\/blog\/","name":"De-Minimis Depesche: Der Blog zum F\u00f6rderprogramm des BALM","description":"Der Blog zum F\u00f6rderprogramm Umweltschutz und Sicherheit (vormals De-Minimis) des BALM","potentialAction":[{"@type":"SearchAction","target":{"@type":"EntryPoint","urlTemplate":"https:\/\/www.deminimis.info\/blog\/?s={search_term_string}"},"query-input":{"@type":"PropertyValueSpecification","valueRequired":true,"valueName":"search_term_string"}}],"inLanguage":"de"},{"@type":"Person","@id":"https:\/\/www.deminimis.info\/blog\/#\/schema\/person\/6b3255a7efd1042af084eaeb98d306af","name":"Daniel","image":{"@type":"ImageObject","inLanguage":"de","@id":"https:\/\/www.deminimis.info\/blog\/#\/schema\/person\/image\/","url":"https:\/\/secure.gravatar.com\/avatar\/07168cc724f6149b46c55fbe89351773f3d0b61fb477123317f4bb9363a82ded?s=96&d=mm&r=g","contentUrl":"https:\/\/secure.gravatar.com\/avatar\/07168cc724f6149b46c55fbe89351773f3d0b61fb477123317f4bb9363a82ded?s=96&d=mm&r=g","caption":"Daniel"},"url":"https:\/\/www.deminimis.info\/blog\/author\/daniel\/"}]}},"_links":{"self":[{"href":"https:\/\/www.deminimis.info\/blog\/wp-json\/wp\/v2\/posts\/1342","targetHints":{"allow":["GET"]}}],"collection":[{"href":"https:\/\/www.deminimis.info\/blog\/wp-json\/wp\/v2\/posts"}],"about":[{"href":"https:\/\/www.deminimis.info\/blog\/wp-json\/wp\/v2\/types\/post"}],"author":[{"embeddable":true,"href":"https:\/\/www.deminimis.info\/blog\/wp-json\/wp\/v2\/users\/1"}],"replies":[{"embeddable":true,"href":"https:\/\/www.deminimis.info\/blog\/wp-json\/wp\/v2\/comments?post=1342"}],"version-history":[{"count":31,"href":"https:\/\/www.deminimis.info\/blog\/wp-json\/wp\/v2\/posts\/1342\/revisions"}],"predecessor-version":[{"id":1379,"href":"https:\/\/www.deminimis.info\/blog\/wp-json\/wp\/v2\/posts\/1342\/revisions\/1379"}],"wp:featuredmedia":[{"embeddable":true,"href":"https:\/\/www.deminimis.info\/blog\/wp-json\/wp\/v2\/media\/1345"}],"wp:attachment":[{"href":"https:\/\/www.deminimis.info\/blog\/wp-json\/wp\/v2\/media?parent=1342"}],"wp:term":[{"taxonomy":"category","embeddable":true,"href":"https:\/\/www.deminimis.info\/blog\/wp-json\/wp\/v2\/categories?post=1342"},{"taxonomy":"post_tag","embeddable":true,"href":"https:\/\/www.deminimis.info\/blog\/wp-json\/wp\/v2\/tags?post=1342"}],"curies":[{"name":"wp","href":"https:\/\/api.w.org\/{rel}","templated":true}]}}