{"id":550,"date":"2021-01-12T15:58:32","date_gmt":"2021-01-12T14:58:32","guid":{"rendered":"https:\/\/www.deminimis.info\/blog\/?p=550"},"modified":"2021-08-28T20:34:57","modified_gmt":"2021-08-28T18:34:57","slug":"lkw-abwrackpraemie","status":"publish","type":"post","link":"https:\/\/www.deminimis.info\/blog\/lkw-abwrackpraemie\/","title":{"rendered":"LKW Abwrackpr\u00e4mie: Kurz &#8211; und unabh\u00e4ngig &#8211; zusammengefasst"},"content":{"rendered":"\n<p><strong>Vorab: Am 27. Juli 2021 ist die neue LKW-Abwrackpr\u00e4mie in Kraft getreten! <a href=\"https:\/\/www.deminimis.info\/blog\/lkw-abwrackpramie-geht-in-die-verlaengerung\/\">Lesen Sie hier alles \u00fcber die neue LKW-Abwrackpr\u00e4mie.<\/a><\/strong> Dieser Beitrag behandelt die &#8222;alte&#8220; Abwrackpr\u00e4mie von Anfang 2021.<\/p>\n\n\n\n<p><em>Kurzfassung: Am 11. Januar 2021 hat das <a href=\"https:\/\/www.bmvi.de\/DE\/Home\/home.html\">Bundesverkehrsministerium<\/a> den Start der <a href=\"https:\/\/www.lkw-abwrackpraemie.de\">LKW-Abwrackpr\u00e4mie<\/a> bekanntgegeben (Zur Pressemitteilung des BMWI: <a href=\"https:\/\/www.bmvi.de\/SharedDocs\/DE\/Pressemitteilungen\/2021\/001-scheuer-lkw-austauschprogramm.html\">hier klicken<\/a>). Die LKW-Abwrackpr\u00e4mie erm\u00f6glicht es einen alten LKW mit Schadstoffnorm Euro V oder schlechter aus dem Verkehr zu ziehen und einen Zuschuss f\u00fcr einen modernen LKW mit neuester Abgastechnologie und besten Verbrauchswerten anzuschaffen. Diese Neuanschaffung wird mit einem nicht r\u00fcckzahlbaren Zuschuss von bis zu 15.000 Euro gef\u00f6rdert. Worauf Sie bei Ihrem alten LKW achten m\u00fcssen, was f\u00fcr die Anschaffung des neuen LKW gilt und welche Besonderheiten sonst noch wichtig sind, haben wir hier unabh\u00e4ngig von Fahrzeugh\u00e4ndlern und Beh\u00f6rden f\u00fcr Sie zusammengefasst.<\/em><\/p>\n\n\n\n<p>Grunds\u00e4tzliche Informationen zu unserem <a href=\"https:\/\/www.foerdermittel.fans\">De-Minimis 2021 F\u00f6rdermittelservice wie auch unserer digitalen F\u00f6rdermittelabteilung f\u00fcr Transportunternehmen finden Sie \u00fcbrigens auch unter diesem Link<\/a>: <a href=\"https:\/\/www.foerdermittel.fans\">www.foerdermittel.fans<\/a><\/p>\n\n\n\n<h2 class=\"wp-block-heading\">LKW Fahrer auf fremden Betriebsgel\u00e4nden<\/h2>\n\n\n\n<h2 class=\"wp-block-heading\">Die LKW-Abwrackpr\u00e4mie 2021<\/h2>\n\n\n\n<p>Im Sommer 2020 geisterte die <a href=\"http:\/\/www.lkw-abwrackpraemie.de\">LKW-Abwrackpr\u00e4mie<\/a> bereits durch die Transportbranche: Das sogenannte Flottenerneuerungsprogramm sollte seinerzeit durch die Europ\u00e4ische Union beschlossen und umgesetzt werden. Bedauerlicherweise hat die EU dabei das selbe Engagement an den Tag gelegt wie bei der Beschaffung der lebensnotwendigen Corona-Impfungen. (Dieser Artikel entsteht an einem Tag, an dem die Anzahl der Corona-Toten in Deutschland, relativ zur Bev\u00f6lkerung, die in den USA erstmals  \u00fcbersteigt und unsere Land in der Impfstatistik nach wie vor sehr weit hinten ist). Ende des Jahres 2020 hat das Bundesverkehrsministerium das Thema (gl\u00fccklicherweise) an sich gezogen und kurz darauf eine in vielerlei Hinsicht gelungene Richtlinie zur LKW-Abwrackpr\u00e4mie vorgestellt: Die <strong>Richtlinie zur F\u00f6rderung der Erneuerung der Nutzfahrzeugflotte<\/strong>.<\/p>\n\n\n\n<p>Die Ziele der deutschen LKW-Abwrackpr\u00e4mie sind vielseitig und nachhaltig. Wie auch bei den anderen F\u00f6rderprogrammen des <a href=\"https:\/\/www.bmvi.de\/DE\/Home\/home.html\">Bundesverkehrsministeriums<\/a> bauen sie dabei die Mechanismen unseres Grundgesetzes, insbesondere der sozialen Marktwirtschaft und kommen ganz ohne Zwang aus: Genau wie die ebenfalls sehr intelligent konstruierten F\u00f6rderprogramme <a href=\"https:\/\/www.deminimis.info\">De-Minimis<\/a> oder <a href=\"https:\/\/www.speditionsexperten.de\/bag-weiterbildung-2019\/\">Weiterbildung<\/a> f\u00fcr Unternehmen des <a href=\"https:\/\/www.deminimis.info\/deminimis-glossar\/gewerblicher-gueterkraftverkehr.php\">gewerblichen G\u00fcterkraftverkehrs<\/a> mit <a href=\"https:\/\/www.deminimis.info\/deminimis-glossar\/schweres-nutzfahrzeug.php\">schweren Nutzfahrzeugen<\/a> sorgt der Unternehmer f\u00fcr die Erf\u00fcllung der F\u00f6rderziele einfach in dem er rational und wirtschaftlich sinnvoll handelt &#8211; ganz ohne Zwang, effektiv und effizient. Der (Transport-)Unternehmer muss sich dabei nicht einmal mit den politischen Zielen des F\u00f6rderprogramms auseinandersetzen und tr\u00e4gt dennoch dazu bei. Die beauftragte Bewilligungsbeh\u00f6rde, dem Verkehrsministerium unterstehend, d\u00fcrfte zudem zu einem der modernsten und effizientesten \u00c4mter Europas z\u00e4hlen &#8211; und verf\u00fcgt zudem \u00fcber umfassendes IT- und Logistik-KnowHow, ebenso wie \u00fcber sehr engagierte  und qualifizierte Mitarbeiter: Beste Voraussetzungen f\u00fcr ein erfolgreiches Programm.<\/p>\n\n\n\n<p>Die <strong>Ziele der LKW-Abwrackpr\u00e4mie<\/strong> sind dabei insbesondere:<\/p>\n\n\n\n<ul class=\"wp-block-list\"><li>die <strong>Bek\u00e4mpfung der Auswirkungen des R\u00fcckgangs der weltweiten Wirtschaftsleistung<\/strong> auf den Standort unserer Exportnation Deutschland<\/li><li>die <strong>dauerhafte Sicherung von Arbeitspl\u00e4tzen<\/strong> sowohl in der Nutzfahrzeugindustrie als auch in der Logistikbranche<\/li><li>das <strong>Kohlendioxid (CO2) Emissionsniveau der Nutzfahrzeugflotte in Deutschland weiter abzusenken<\/strong><\/li><\/ul>\n\n\n\n<p>Diese F\u00f6rderziele werden erreicht, in dem alte LKW mit Euro V Schadstoffnorm oder schlechter entsorgt (&#8222;verschrottet&#8220;) werden und daf\u00fcr ein neuer LKW mit modernster Schadstoffklasse angeschafft wird. F\u00fcr die Neuanschaffung gibt es eine Pr\u00e4mie in H\u00f6he von 10.000 Euro beziehungsweise 15.000 Euro.<\/p>\n\n\n\n<h2 class=\"wp-block-heading\">LKW Fahrer auf fremden Betriebsgel\u00e4nden<\/h2>\n\n\n\n<h2 class=\"wp-block-heading\">Welche alten LKW k\u00f6nnen f\u00fcr die LKW-Abwrackpr\u00e4mie genutzt werden?<\/h2>\n\n\n\n<p>F\u00fcr die LKW-Abwrackpr\u00e4mie wird ein alter LKW verschrottet und gegen einen neuen LKW ausgetauscht. Die Anschaffung des neuen LKW wird mit einem einmaligen, nichtr\u00fcckzahlbaren Zuschuss von 10.000 Euro bzw. 15.000 Euro gef\u00f6rdert. Der alte LKW, also der, der verschrottet wird, muss dabei unter anderem diese Bedingungen erf\u00fcllen:<\/p>\n\n\n\n<ul class=\"wp-block-list\"><li>der alte LKW muss f\u00fcr die Inanspruchnahme der LKW-Abwrackpr\u00e4mie <strong>mindestens 12 Monate in Deutschland zugelassen<\/strong> gewesen sein<\/li><li>der alte LKW muss f\u00fcr die LKW-Abwrackpr\u00e4mie eine <strong>Schadstoffklasse Euro V oder schlechter<\/strong> haben<\/li><li>der alte LKW muss im Rahmen der Abwicklung (nicht vorher!) <strong>ordnungsgem\u00e4\u00df entsorgt<\/strong> werden; diese ordnungsgem\u00e4\u00dfe Entsorgung des alten LKW muss hinreichend nachgewiesen werden<\/li><li>die ordnungsgem\u00e4\u00dfe Entsorgung des alten LKW muss <strong>sp\u00e4testens zwei Monate nach der Erstzulassung<\/strong> des neuen LKW erfolgen um einen Anspruch auf die LKW-Abwrackpr\u00e4mie zu haben.<\/li><\/ul>\n\n\n\n<p>Daneben gibt es noch einige weitere Anforderungen im Detail, die der alte LKW f\u00fcr die Inanspruchnahme der LKW-Abwrackpr\u00e4mie erf\u00fcllen muss.<\/p>\n\n\n\n<div class=\"wp-block-media-text alignwide is-stacked-on-mobile\"><figure class=\"wp-block-media-text__media\"><video controls src=\"https:\/\/www.deminimis.info\/blog\/wp-content\/uploads\/2019\/12\/abagonia.mp4\"><\/video><\/figure><div class=\"wp-block-media-text__content\">\n<p class=\"has-text-align-left\" style=\"font-size:17px\"><em>M\u00f6chten Sie lieber Zeit in Ihr Unternehmen anstatt in das Lesen von Gesetzen und Richtlinien investieren? Nutzen Sie unseren F\u00f6rdermittelservice als Ihre digitale F\u00f6rdermittelabteilung &#8211; beispielsweise beginnend mit dem F\u00f6rderprogramm De-Minimis ab 12,90 Euro im Monat. Wie einfach das f\u00fcr Sie ist sehen Sie in unserem Video!<\/em><\/p>\n<\/div><\/div>\n\n\n\n<h2 class=\"wp-block-heading\">Was gilt im Rahmen der LKW-Abwrackpr\u00e4mie beim Kauf eines neues LKW?<\/h2>\n\n\n\n<p>Der neue LKW, der im Rahmen der LKW-Abwrackpr\u00e4mie angeschafft wird, muss ebenfalls bestimmte Bedingungen erf\u00fcllen. Diese m\u00fcssen gegen\u00fcber der Bewilligungsbeh\u00f6rde nachgewiesen werden. Wir gehen an dieser Stelle von der Anschaffung eines neuen LKW mit moderner Dieseltechnologie, also nicht mit Elektroantrieb oder <a href=\"https:\/\/www.wasserstoff-strategie.de\/\">Wasserstoffantrieb<\/a>, aus. <\/p>\n\n\n\n<p>Der neue LKW muss unter anderem folgende Bedingungen erf\u00fcllen:<\/p>\n\n\n\n<div class=\"schema-how-to wp-block-yoast-how-to-block\"><p class=\"schema-how-to-description\"><\/p> <ol class=\"schema-how-to-steps\"><li class=\"schema-how-to-step\" id=\"how-to-step-1610457907874\"><strong class=\"schema-how-to-step-name\">Der neue LKW muss wirklich neu sein<\/strong> <p class=\"schema-how-to-step-text\">Ein neuer LKW, der im Rahmen der LKW-Abwrackpr\u00e4mie gef\u00f6rdert werden soll, gilt dann als neu, wenn sein Produktionsjahr das Jahr 2021 ist.<\/p> <\/li><li class=\"schema-how-to-step\" id=\"how-to-step-1610457972880\"><strong class=\"schema-how-to-step-name\">Der neue LKW muss die Sicherheit im Stra\u00dfenverkehr weiter erh\u00f6hen<\/strong> <p class=\"schema-how-to-step-text\">Der neue LKW muss \u00fcber einen Abbiegeassistenten verf\u00fcgen um im F\u00f6rderprogramm LKW-Abwrackpr\u00e4mie ber\u00fccksichtigt zu werden. Dieser Abbiegeassistent muss den &#8222;Empfehlungen zu technischen Anforderungen an Abbiegeassistenzsysteme f\u00fcr die Aus- und Nachr\u00fcstung an Nutzfahrzeugen mit einer zul\u00e4ssigen Gesamtmasse von mehr als 3,5 Tonnen [&#8230;] zur Erteilung einer Allgemeinen Betriebserlaubnis f\u00fcr Abbiegeassistenzsysteme&#8220; erf\u00fcllen.<\/p> <\/li><li class=\"schema-how-to-step\" id=\"how-to-step-1610458281576\"><strong class=\"schema-how-to-step-name\">Der neue LKW muss die Schadstoffemissionen deutlich absenken<\/strong> <p class=\"schema-how-to-step-text\">Bei der LKW-Abwrackpr\u00e4mie werden nur solche LKW als Neufahrzeuge ber\u00fccksichtigt, die die Schadstoffklasse Euro VI gem\u00e4\u00df der Verordnung (EG) 595\/2009 des Europ\u00e4ischen Parlaments und des Rates und die hierauf folgenden Verordnungen erf\u00fcllen.<\/p> <\/li><li class=\"schema-how-to-step\" id=\"how-to-step-1610458501820\"><strong class=\"schema-how-to-step-name\">Der neue LKW muss umweltfreundlicher sein<\/strong> <p class=\"schema-how-to-step-text\">Um das CO2-Emissionsniveau im Vergleich zu einem Serien-LKW abzusenken, muss ein neuer LKW im Rahmen der LKW-Abwrackpr\u00e4mie zum Zeitpunkt der Auslieferung mit rollwiderstandsoptimierten Reifen ausgestattet sein. Hinreichend sind ausschlie\u00dflich Reifen der Energieeffizienzklassen A oder B.<\/p> <\/li><\/ol><\/div>\n\n\n\n<h2 class=\"wp-block-heading\">Wie hoch ist die Abwrackpr\u00e4mie?<\/h2>\n\n\n\n<p>Die H\u00f6he der Abwrackpr\u00e4mie richtet sich nach der Schadstoffklasse des zu verschrottenden LKW:<\/p>\n\n\n\n<figure class=\"wp-block-table aligncenter\"><table><tbody><tr><td class=\"has-text-align-right\" data-align=\"right\"><strong>Schadstoffklasse des alten LKW<\/strong><\/td><td class=\"has-text-align-right\" data-align=\"right\"><strong>H\u00f6he der LKW-Abwrackpr\u00e4mie<\/strong><\/td><\/tr><tr><td class=\"has-text-align-right\" data-align=\"right\">Euro V<\/td><td class=\"has-text-align-right\" data-align=\"right\">15.000 Euro<\/td><\/tr><tr><td class=\"has-text-align-right\" data-align=\"right\">EEV<\/td><td class=\"has-text-align-right\" data-align=\"right\">15.000 Euro<\/td><\/tr><tr><td class=\"has-text-align-right\" data-align=\"right\">Euro IV<\/td><td class=\"has-text-align-right\" data-align=\"right\">10.000 Euro<\/td><\/tr><tr><td class=\"has-text-align-right\" data-align=\"right\">schlechter als Euro IV<\/td><td class=\"has-text-align-right\" data-align=\"right\">10.000 Euro<\/td><\/tr><\/tbody><\/table><figcaption>H\u00f6he der LKW-Abwrackpr\u00e4mie in Abh\u00e4ngigkeit der Schadstoffklasse des Alt-LKW<\/figcaption><\/figure>\n\n\n\n<p><em>Wichtiges geh\u00f6rt in professionelle H\u00e4nde: Lagern Sie Ihren Recherche- und Verwaltungsaufwand f\u00fcr die Ihnen zustehenden F\u00f6rdermittel aus. Nutzen Sie unseren F\u00f6rdermittelservice als Ihre digitale F\u00f6rdermittelabteilung:<\/em><\/p>\n\n\n\n<div class=\"wp-block-image\"><figure class=\"aligncenter size-large is-resized\"><a href=\"https:\/\/www.speditionsexperten.de\/deminimis\/\"><img loading=\"lazy\" decoding=\"async\" src=\"https:\/\/www.deminimis.info\/blog\/wp-content\/uploads\/2020\/10\/Deminimis-banner-neutral.jpg\" alt=\"\" class=\"wp-image-397\" width=\"525\" height=\"200\" srcset=\"https:\/\/www.deminimis.info\/blog\/wp-content\/uploads\/2020\/10\/Deminimis-banner-neutral.jpg 525w, https:\/\/www.deminimis.info\/blog\/wp-content\/uploads\/2020\/10\/Deminimis-banner-neutral-300x114.jpg 300w, https:\/\/www.deminimis.info\/blog\/wp-content\/uploads\/2020\/10\/Deminimis-banner-neutral-50x19.jpg 50w\" sizes=\"auto, (max-width: 525px) 100vw, 525px\" \/><\/a><\/figure><\/div>\n\n\n\n<h2 class=\"wp-block-heading\">Wann erfolgt die Auszahlung der LKW-Abwrackpr\u00e4mie?<\/h2>\n\n\n\n<p>Die Auszahlung der LKW-Abwrackpr\u00e4mie erfolgt nach Bestandskraft des zugeh\u00f6rigen Bescheids.<\/p>\n\n\n\n<h2 class=\"wp-block-heading\">Ist eine Abtretung der LKW-Abwrackpr\u00e4mie gestattet?<\/h2>\n\n\n\n<p>Wirtschaftlich nachvollziehbar w\u00e4re es, w\u00fcrde man die LKW-Abwrackpr\u00e4mie beispielsweise an den H\u00e4ndler des neuen LKW abtreten um die Finanzierungskosten zu senken. Aus gutem Grunde ist dies aber nicht m\u00f6glich: <strong>Eine Abtretung der LKW-Abwrackpr\u00e4mie ist nicht gestattet!<\/strong><\/p>\n\n\n\n<h2 class=\"wp-block-heading\">In welchem Zeitraum kann die LKW-Abwrackpr\u00e4mie beantragt werden?<\/h2>\n\n\n\n<p>Das Verkehrsministerium hat am 11. Januar 2021 offiziell den Startschuss gegeben. Es gilt &#8211; wie beim <a href=\"https:\/\/www.deminimis.info\">F\u00f6rderprogramm De-Minimis<\/a> oder im <a href=\"https:\/\/www.deminimis.info\/blog\/abbiegeassistent-das-neue-foerderprogramm-aas-2020\/\">F\u00f6rderprogramm Abbiegeassistent<\/a> &#8211; das Windhundverfahren: So lange Gelder im F\u00f6rdertopf sind, k\u00f6nnen Antr\u00e4ge von der Bewilligungsbeh\u00f6rde positiv beschieden werden. Ist der F\u00f6rdertopf leer, ist er leer: Es k\u00f6nnen dann keine Antr\u00e4ge mehr auf die LKW-Abwrackpr\u00e4mie gestellt werden.<\/p>\n\n\n\n<p><strong>Grunds\u00e4tzlich endet die M\u00f6glichkeit der Antragstellung am 15. April 2021.<\/strong><\/p>\n\n\n\n<p><em>Hinweis: Die <a href=\"https:\/\/www.lkw-abwrackpraemie.de\">LKW-Abwrackpr\u00e4mie<\/a> ist in die Verl\u00e4ngerung gegangen! <a href=\"https:\/\/www.deminimis.info\/blog\/lkw-abwrackpramie-geht-in-die-verlaengerung\/\">Lesen Sie hier unseren aktuellen Beitrag zu der Verl\u00e4ngerung der LKW-Abwrackpr\u00e4mie.<\/a><\/em><\/p>\n\n\n\n<h2 class=\"wp-block-heading\">Ab oder bis wann muss die Anschaffung des neuen LKW f\u00fcr die Abwrackpr\u00e4mie nachgewiesen werden?<\/h2>\n\n\n\n<p>Nachdem der Zuwendungsbescheid f\u00fcr die LKW-Abwrackpr\u00e4mie bekanntgegeben (=zugestellt) ist, bleibt ein Monat Zeit um mit einem Kaufvertrag oder einer Bestellung die Anschaffung des neuen LKW nachzuweisen.<\/p>\n\n\n\n<p>Beachten Sie stets: Erst die Antragstellung, dann alles weitere! Sollten Sie entgegen unserem <a href=\"https:\/\/www.deminimis.info\/blog\/de-minimis-2021-lkw-auflieger-und-anhaenger-im-alten-jahr-bestellen\/\">Rat vom Dezember 2020<\/a> noch in den letzten  Monaten 2020 ein neues Fahrzeug bestellt haben, k\u00f6nnen Sie dieses auch nicht mehr f\u00fcr die LKW-Abwrackpr\u00e4mie einsetzen.<\/p>\n\n\n\n<p><strong><em>Tipp: <\/em><\/strong>Es empfiehlt sich f\u00fcr die F\u00e4lle (angek\u00fcndigter oder unangek\u00fcndigter) Au\u00dfenpr\u00fcfungen des Bundesamtes f\u00fcr G\u00fcterverkehr oder des Bundesrechnungshofes Kopien der Bestellunterlagen immer gemeinsam mit den Bescheiden des BAG und den De-Minimis Bescheinigungen aufzubewahren, um diese auf Verlangen sofort vorzeigen zu k\u00f6nnen. Beachten Sie die ausgewiesenen Aufbewahrungsfristen insbesondere auf den De-Minimis Bescheinigungen!<\/p>\n\n\n\n<h2 class=\"wp-block-heading\">LKW Fahrer auf fremden Betriebsgel\u00e4nden<\/h2>\n\n\n\n<h2 class=\"wp-block-heading\">Worauf ist bei der LKW-Abwrackpr\u00e4mie noch zu achten?<\/h2>\n\n\n\n<p>Auf jede Menge! Wir bewegen uns bei der LKW-Abwrackpr\u00e4mie im Subventionsrecht: Falsche Angaben, auch fahrl\u00e4ssige, k\u00f6nnen Verurteilungen und harte Strafen nach sich ziehen. Eine Verurteilung wegen Subventionsbetrug kann dazu f\u00fchren, da\u00df die Zuverl\u00e4ssigkeit eines Unternehmens nicht mehr darstellbar ist. In der Folge k\u00f6nnte beispielsweise die <a href=\"https:\/\/www.deminimis.info\/deminimis-glossar\/eu-lizenz.php\">EU-Lizenz<\/a> nicht mehr verl\u00e4ngert werden. (Wir empfehlen Ihnen zu diesem Thema auch die Lekt\u00fcre unserer <a href=\"https:\/\/www.speditionsexperten.de\/9-tipps-um-der-naechsten-de-minimis-pruefung-%f0%9f%9a%94-des-bag-in-ihren-geschaeftsraeumen-entspannt-entgegenzusehen\/\">neun Tipps, um der n\u00e4chsten Au\u00dfenpr\u00fcfung des BAG entspannt entgegen zu sehen<\/a>.)<\/p>\n\n\n\n<p>Insbesondere (neben vielen anderen Aspekten) sollten Sie bei der Nutzung der LKW-Abwrackpr\u00e4mie auf folgendes achten:<\/p>\n\n\n\n<h3 class=\"wp-block-heading\">Angaben aller anderen Kleinbeihilfen!<\/h3>\n\n\n\n<p>Genauso wie auch auf dem De-Minimis Antrag die anderen Beihilfen im Rahmen der Verordnung (EU) Nr. 1407\/2013 der letzten drei Steuerjahre anzugeben sind (in der <a href=\"https:\/\/www.deminimis.info\/deminimis-glossar\/deminimis-foerderperiode.php\">F\u00f6rderperiode<\/a> <a href=\"https:\/\/www.deminimis.info\">De-Minimis 2021<\/a> also f\u00fcr die drei Jahre 2019, 2020 und 2021), sind auch bei der Antragstellung alle Beihilfen auf Basis der &#8222;Bundesregelung Kleinbeihilfen 2020&#8220; anzugeben. Wichtig: Auch hier nicht nur die tats\u00e4chlich ausgezahlten oder sp\u00e4ter zur\u00fcckgezahlten, sondern alle, die <strong>beantragt<\/strong> wurden. Darunter fallen insbesondere auch Corona-Soforthilfen, der hierauf entfallende Beihilfewert von Corona-Krediten u.a.m. Au\u00dferdem sind die Regeln jeder einzelnen in Anspruch genommen F\u00f6rderung zu beachten, um diese Hilfen \u00fcberhaupt kumulieren zu d\u00fcrfen! Bedenken Sie, da\u00df Sie bei der Antragstellung &#8211; wie bei allen F\u00f6rderprogrammen &#8211; erkl\u00e4ren, da\u00df Ihre Angaben wahrheitsgem\u00e4\u00df und vollst\u00e4ndig sind. Beachten Sie dabei die zehnj\u00e4hrige Verj\u00e4hrung im Subventionsrecht und die Zusammenf\u00fchrung aller Daten, zeitversetzt, bei der Finanzverwaltung: <\/p>\n\n\n\n<p>Denken Sie nicht einmal daran, hier Daten wegzulassen oder sich nicht die M\u00fche des Heraussuchens der Bescheide zu machen.<\/p>\n\n\n\n<h3 class=\"wp-block-heading\">Dauer des Verbleibs des neuen LKW beim Antragsteller<\/h3>\n\n\n\n<p>Der neue LKW, der im Rahmen der LKW-Abwrackpr\u00e4mie bezuschusst wird, muss mindestens 24 Monate bei dem Antragsteller verbleiben. Sofern der neue LKW beispielsweise geleast wird, muss der Leasingvertrag eine Mindestvertragsdauer von 24 Monaten haben.<\/p>\n\n\n\n<h3 class=\"wp-block-heading\">Nur gewerbliche Nutzung<\/h3>\n\n\n\n<p>Der neue LKW, der im Rahmen der LKW-Abwrackpr\u00e4mie bezuschusst wird, darf ausschlie\u00dflich gewerblich genutzt werden. Wohnmobile oder anders genutzte Fahrzeuge mit LKW-Zulassung sind nicht \u00fcber die LKW-Abwrackpr\u00e4mie f\u00f6rderf\u00e4hig.<\/p>\n\n\n\n<h2 class=\"wp-block-heading\">LKW Fahrer auf fremden Betriebsgel\u00e4nden<\/h2>\n\n\n\n<h3 class=\"wp-block-heading\">Rechtzeitige Anzeige der Zulassung des neuen LKW<\/h3>\n\n\n\n<p>Der neue LKW muss zugelassen werden. Die Zulassung muss innerhalb von zwei Monaten ab Zulassungsdatum der Bewilligungsbeh\u00f6rde angezeigt werden um im Rahmen der LKW-Abwrackpr\u00e4mie bezuschusst zu werden.<\/p>\n\n\n\n<p>Dar\u00fcber hinaus gibt es noch weitere Details, die bei der Antragstellung zu beachten sind. Gerne sind wir Ihnen behilflich. Dar\u00fcber hinaus unterst\u00fctzt Sie erfahrungsgem\u00e4\u00df das Verkehrsministerium und die Bewilligungsbeh\u00f6rde sehr gut und sehr engagiert in allen allgemeinen Fragen zu dem Programm.<\/p>\n\n\n\n<p><em>Die Angaben auf dieser Seite sind nach besten Wissen und Gewissen zusammengestellt. Dennoch \u00fcbernehmen wir ausdr\u00fccklich keine Haftung f\u00fcr deren Aktualit\u00e4t, Vollst\u00e4ndigkeit und Richtigkeit. Bitte informieren Sie sich im Zweifel immer bei den zust\u00e4ndigen Beh\u00f6rden um rechtssichere Informationen zu erhalten.<br>Unsere Erkl\u00e4rung zum Datenschutz finden Sie hier: <a href=\"http:\/\/www.abagonia.de\/datenstuss\/datastuss.php\">Datenschutz<\/a> <\/em><\/p>\n\n\n\n<p><em>* Mit einem Sternchen * gekennzeichnete Links sind Werbelinks: Sollten Sie etwas \u00fcber einen solchen Link kaufen, erhalten wir eine Provision. Ihre Kosten steigen hierdurch nicht.<\/em><\/p>\n\n\n\n<p><\/p>\n\n\n\n<p>Bild von <a href=\"https:\/\/pixabay.com\/de\/users\/michaelgaida-652234\/?utm_source=link-attribution&amp;utm_medium=referral&amp;utm_campaign=image&amp;utm_content=4683175\">MichaelGaida<\/a> auf <a href=\"https:\/\/pixabay.com\/de\/?utm_source=link-attribution&amp;utm_medium=referral&amp;utm_campaign=image&amp;utm_content=4683175\">Pixabay<\/a><\/p>\n\n\n\n<p>&nbsp;<\/p>\n","protected":false},"excerpt":{"rendered":"<p>Die LKW Abwrackpr\u00e4mie ist da! Alle wichtigen Informationen kurz und unabh\u00e4ngig von H\u00e4ndlern und Beh\u00f6rden hier zusammengefasst<\/p>\n<div class=\"more-link-wrapper\"><a class=\"more-link\" href=\"https:\/\/www.deminimis.info\/blog\/lkw-abwrackpraemie\/\">Hier weiterlesen zu diesem De-Minimis Thema<span class=\"screen-reader-text\">LKW Abwrackpr\u00e4mie: Kurz &#8211; und unabh\u00e4ngig &#8211; zusammengefasst<\/span><\/a><\/div>\n","protected":false},"author":1,"featured_media":556,"comment_status":"closed","ping_status":"open","sticky":false,"template":"","format":"standard","meta":{"footnotes":""},"categories":[1,59,74],"tags":[72,71,3,55,9,73],"class_list":["post-550","post","type-post","status-publish","format-standard","has-post-thumbnail","hentry","category-allgemein","category-fahrzeugfinanzierung","category-lkw-abwrackpraemie","tag-bestelldatum","tag-bestellung","tag-de-minimis","tag-foerdermittel","tag-lkw","tag-massnahmenbeginn","entry"],"yoast_head":"<!-- This site is optimized with the Yoast SEO plugin v25.1 - https:\/\/yoast.com\/wordpress\/plugins\/seo\/ -->\n<title>LKW Abwrackpr\u00e4mie: Kurz - und unabh\u00e4ngig - zusammengefasst - De-Minimis Depesche: Der Blog zum F\u00f6rderprogramm des BALM<\/title>\n<meta name=\"description\" content=\"Die LKW Abwrackpr\u00e4mie ist da! Alle wichtigen Informationen kurz und unabh\u00e4ngig von H\u00e4ndlern und Beh\u00f6rden hier zusammengefasst\" \/>\n<meta name=\"robots\" content=\"index, follow, max-snippet:-1, max-image-preview:large, max-video-preview:-1\" \/>\n<link rel=\"canonical\" href=\"https:\/\/www.deminimis.info\/blog\/lkw-abwrackpraemie\/\" \/>\n<meta property=\"og:locale\" content=\"de_DE\" \/>\n<meta property=\"og:type\" content=\"article\" \/>\n<meta property=\"og:title\" content=\"LKW Abwrackpr\u00e4mie: Kurz - und unabh\u00e4ngig - zusammengefasst - De-Minimis Depesche: Der Blog zum F\u00f6rderprogramm des BALM\" \/>\n<meta property=\"og:url\" content=\"https:\/\/www.deminimis.info\/blog\/lkw-abwrackpraemie\/\" \/>\n<meta property=\"og:site_name\" content=\"De-Minimis Depesche: Der Blog zum F\u00f6rderprogramm des BALM\" \/>\n<meta property=\"article:published_time\" content=\"2021-01-12T14:58:32+00:00\" \/>\n<meta property=\"article:modified_time\" content=\"2021-08-28T18:34:57+00:00\" \/>\n<meta property=\"og:image\" content=\"https:\/\/www.deminimis.info\/blog\/wp-content\/uploads\/2021\/01\/moderner-lkw.jpg\" \/>\n\t<meta property=\"og:image:width\" content=\"640\" \/>\n\t<meta property=\"og:image:height\" content=\"537\" \/>\n\t<meta property=\"og:image:type\" content=\"image\/jpeg\" \/>\n<meta name=\"author\" content=\"Daniel\" \/>\n<meta name=\"twitter:card\" content=\"summary_large_image\" \/>\n<meta name=\"twitter:label1\" content=\"Verfasst von\" \/>\n\t<meta name=\"twitter:data1\" content=\"Daniel\" \/>\n\t<meta name=\"twitter:label2\" content=\"Gesch\u00e4tzte Lesezeit\" \/>\n\t<meta name=\"twitter:data2\" content=\"8\u00a0Minuten\" \/>\n<script type=\"application\/ld+json\" class=\"yoast-schema-graph\">{\"@context\":\"https:\/\/schema.org\",\"@graph\":[{\"@type\":\"WebPage\",\"@id\":\"https:\/\/www.deminimis.info\/blog\/lkw-abwrackpraemie\/\",\"url\":\"https:\/\/www.deminimis.info\/blog\/lkw-abwrackpraemie\/\",\"name\":\"LKW Abwrackpr\u00e4mie: Kurz - und unabh\u00e4ngig - zusammengefasst - De-Minimis Depesche: Der Blog zum F\u00f6rderprogramm des BALM\",\"isPartOf\":{\"@id\":\"https:\/\/www.deminimis.info\/blog\/#website\"},\"primaryImageOfPage\":{\"@id\":\"https:\/\/www.deminimis.info\/blog\/lkw-abwrackpraemie\/#primaryimage\"},\"image\":{\"@id\":\"https:\/\/www.deminimis.info\/blog\/lkw-abwrackpraemie\/#primaryimage\"},\"thumbnailUrl\":\"https:\/\/www.deminimis.info\/blog\/wp-content\/uploads\/2021\/01\/LKW-abgewrackt-gr.gif\",\"datePublished\":\"2021-01-12T14:58:32+00:00\",\"dateModified\":\"2021-08-28T18:34:57+00:00\",\"author\":{\"@id\":\"https:\/\/www.deminimis.info\/blog\/#\/schema\/person\/6b3255a7efd1042af084eaeb98d306af\"},\"description\":\"Die LKW Abwrackpr\u00e4mie ist da! Alle wichtigen Informationen kurz und unabh\u00e4ngig von H\u00e4ndlern und Beh\u00f6rden hier zusammengefasst\",\"breadcrumb\":{\"@id\":\"https:\/\/www.deminimis.info\/blog\/lkw-abwrackpraemie\/#breadcrumb\"},\"inLanguage\":\"de\",\"potentialAction\":[{\"@type\":\"ReadAction\",\"target\":[\"https:\/\/www.deminimis.info\/blog\/lkw-abwrackpraemie\/\"]}]},{\"@type\":\"ImageObject\",\"inLanguage\":\"de\",\"@id\":\"https:\/\/www.deminimis.info\/blog\/lkw-abwrackpraemie\/#primaryimage\",\"url\":\"https:\/\/www.deminimis.info\/blog\/wp-content\/uploads\/2021\/01\/LKW-abgewrackt-gr.gif\",\"contentUrl\":\"https:\/\/www.deminimis.info\/blog\/wp-content\/uploads\/2021\/01\/LKW-abgewrackt-gr.gif\",\"width\":640,\"height\":426,\"caption\":\"LKW alt f\u00fcr Abwrackpr\u00e4mie\"},{\"@type\":\"BreadcrumbList\",\"@id\":\"https:\/\/www.deminimis.info\/blog\/lkw-abwrackpraemie\/#breadcrumb\",\"itemListElement\":[{\"@type\":\"ListItem\",\"position\":1,\"name\":\"Startseite\",\"item\":\"https:\/\/www.deminimis.info\/blog\/\"},{\"@type\":\"ListItem\",\"position\":2,\"name\":\"LKW Abwrackpr\u00e4mie: Kurz &#8211; und unabh\u00e4ngig &#8211; zusammengefasst\"}]},{\"@type\":\"WebSite\",\"@id\":\"https:\/\/www.deminimis.info\/blog\/#website\",\"url\":\"https:\/\/www.deminimis.info\/blog\/\",\"name\":\"De-Minimis Depesche: Der Blog zum F\u00f6rderprogramm des BALM\",\"description\":\"Der Blog zum F\u00f6rderprogramm Umweltschutz und Sicherheit (vormals De-Minimis) des BALM\",\"potentialAction\":[{\"@type\":\"SearchAction\",\"target\":{\"@type\":\"EntryPoint\",\"urlTemplate\":\"https:\/\/www.deminimis.info\/blog\/?s={search_term_string}\"},\"query-input\":{\"@type\":\"PropertyValueSpecification\",\"valueRequired\":true,\"valueName\":\"search_term_string\"}}],\"inLanguage\":\"de\"},{\"@type\":\"Person\",\"@id\":\"https:\/\/www.deminimis.info\/blog\/#\/schema\/person\/6b3255a7efd1042af084eaeb98d306af\",\"name\":\"Daniel\",\"image\":{\"@type\":\"ImageObject\",\"inLanguage\":\"de\",\"@id\":\"https:\/\/www.deminimis.info\/blog\/#\/schema\/person\/image\/\",\"url\":\"https:\/\/secure.gravatar.com\/avatar\/07168cc724f6149b46c55fbe89351773f3d0b61fb477123317f4bb9363a82ded?s=96&d=mm&r=g\",\"contentUrl\":\"https:\/\/secure.gravatar.com\/avatar\/07168cc724f6149b46c55fbe89351773f3d0b61fb477123317f4bb9363a82ded?s=96&d=mm&r=g\",\"caption\":\"Daniel\"},\"url\":\"https:\/\/www.deminimis.info\/blog\/author\/daniel\/\"},{\"@type\":\"HowTo\",\"@id\":\"https:\/\/www.deminimis.info\/blog\/lkw-abwrackpraemie\/#howto-1\",\"name\":\"LKW Abwrackpr\u00e4mie: Kurz &#8211; und unabh\u00e4ngig &#8211; zusammengefasst\",\"mainEntityOfPage\":{\"@id\":\"https:\/\/www.deminimis.info\/blog\/lkw-abwrackpraemie\/\"},\"description\":\"\",\"step\":[{\"@type\":\"HowToStep\",\"url\":\"https:\/\/www.deminimis.info\/blog\/lkw-abwrackpraemie\/#how-to-step-1610457907874\",\"name\":\"Der neue LKW muss wirklich neu sein\",\"itemListElement\":[{\"@type\":\"HowToDirection\",\"text\":\"Ein neuer LKW, der im Rahmen der LKW-Abwrackpr\u00e4mie gef\u00f6rdert werden soll, gilt dann als neu, wenn sein Produktionsjahr das Jahr 2021 ist.\"}]},{\"@type\":\"HowToStep\",\"url\":\"https:\/\/www.deminimis.info\/blog\/lkw-abwrackpraemie\/#how-to-step-1610457972880\",\"name\":\"Der neue LKW muss die Sicherheit im Stra\u00dfenverkehr weiter erh\u00f6hen\",\"itemListElement\":[{\"@type\":\"HowToDirection\",\"text\":\"Der neue LKW muss \u00fcber einen Abbiegeassistenten verf\u00fcgen um im F\u00f6rderprogramm LKW-Abwrackpr\u00e4mie ber\u00fccksichtigt zu werden. Dieser Abbiegeassistent muss den \\\"Empfehlungen zu technischen Anforderungen an Abbiegeassistenzsysteme f\u00fcr die Aus- und Nachr\u00fcstung an Nutzfahrzeugen mit einer zul\u00e4ssigen Gesamtmasse von mehr als 3,5 Tonnen [...] zur Erteilung einer Allgemeinen Betriebserlaubnis f\u00fcr Abbiegeassistenzsysteme\\\" erf\u00fcllen.\"}]},{\"@type\":\"HowToStep\",\"url\":\"https:\/\/www.deminimis.info\/blog\/lkw-abwrackpraemie\/#how-to-step-1610458281576\",\"name\":\"Der neue LKW muss die Schadstoffemissionen deutlich absenken\",\"itemListElement\":[{\"@type\":\"HowToDirection\",\"text\":\"Bei der LKW-Abwrackpr\u00e4mie werden nur solche LKW als Neufahrzeuge ber\u00fccksichtigt, die die Schadstoffklasse Euro VI gem\u00e4\u00df der Verordnung (EG) 595\/2009 des Europ\u00e4ischen Parlaments und des Rates und die hierauf folgenden Verordnungen erf\u00fcllen.\"}]},{\"@type\":\"HowToStep\",\"url\":\"https:\/\/www.deminimis.info\/blog\/lkw-abwrackpraemie\/#how-to-step-1610458501820\",\"name\":\"Der neue LKW muss umweltfreundlicher sein\",\"itemListElement\":[{\"@type\":\"HowToDirection\",\"text\":\"Um das CO2-Emissionsniveau im Vergleich zu einem Serien-LKW abzusenken, muss ein neuer LKW im Rahmen der LKW-Abwrackpr\u00e4mie zum Zeitpunkt der Auslieferung mit rollwiderstandsoptimierten Reifen ausgestattet sein. Hinreichend sind ausschlie\u00dflich Reifen der Energieeffizienzklassen A oder B.\"}]}],\"inLanguage\":\"de\"}]}<\/script>\n<!-- \/ Yoast SEO plugin. -->","yoast_head_json":{"title":"LKW Abwrackpr\u00e4mie: Kurz - und unabh\u00e4ngig - zusammengefasst - De-Minimis Depesche: Der Blog zum F\u00f6rderprogramm des BALM","description":"Die LKW Abwrackpr\u00e4mie ist da! Alle wichtigen Informationen kurz und unabh\u00e4ngig von H\u00e4ndlern und Beh\u00f6rden hier zusammengefasst","robots":{"index":"index","follow":"follow","max-snippet":"max-snippet:-1","max-image-preview":"max-image-preview:large","max-video-preview":"max-video-preview:-1"},"canonical":"https:\/\/www.deminimis.info\/blog\/lkw-abwrackpraemie\/","og_locale":"de_DE","og_type":"article","og_title":"LKW Abwrackpr\u00e4mie: Kurz - und unabh\u00e4ngig - zusammengefasst - De-Minimis Depesche: Der Blog zum F\u00f6rderprogramm des BALM","og_url":"https:\/\/www.deminimis.info\/blog\/lkw-abwrackpraemie\/","og_site_name":"De-Minimis Depesche: Der Blog zum F\u00f6rderprogramm des BALM","article_published_time":"2021-01-12T14:58:32+00:00","article_modified_time":"2021-08-28T18:34:57+00:00","og_image":[{"width":640,"height":537,"url":"https:\/\/www.deminimis.info\/blog\/wp-content\/uploads\/2021\/01\/moderner-lkw.jpg","type":"image\/jpeg"}],"author":"Daniel","twitter_card":"summary_large_image","twitter_misc":{"Verfasst von":"Daniel","Gesch\u00e4tzte Lesezeit":"8\u00a0Minuten"},"schema":{"@context":"https:\/\/schema.org","@graph":[{"@type":"WebPage","@id":"https:\/\/www.deminimis.info\/blog\/lkw-abwrackpraemie\/","url":"https:\/\/www.deminimis.info\/blog\/lkw-abwrackpraemie\/","name":"LKW Abwrackpr\u00e4mie: Kurz - und unabh\u00e4ngig - zusammengefasst - De-Minimis Depesche: Der Blog zum F\u00f6rderprogramm des BALM","isPartOf":{"@id":"https:\/\/www.deminimis.info\/blog\/#website"},"primaryImageOfPage":{"@id":"https:\/\/www.deminimis.info\/blog\/lkw-abwrackpraemie\/#primaryimage"},"image":{"@id":"https:\/\/www.deminimis.info\/blog\/lkw-abwrackpraemie\/#primaryimage"},"thumbnailUrl":"https:\/\/www.deminimis.info\/blog\/wp-content\/uploads\/2021\/01\/LKW-abgewrackt-gr.gif","datePublished":"2021-01-12T14:58:32+00:00","dateModified":"2021-08-28T18:34:57+00:00","author":{"@id":"https:\/\/www.deminimis.info\/blog\/#\/schema\/person\/6b3255a7efd1042af084eaeb98d306af"},"description":"Die LKW Abwrackpr\u00e4mie ist da! Alle wichtigen Informationen kurz und unabh\u00e4ngig von H\u00e4ndlern und Beh\u00f6rden hier zusammengefasst","breadcrumb":{"@id":"https:\/\/www.deminimis.info\/blog\/lkw-abwrackpraemie\/#breadcrumb"},"inLanguage":"de","potentialAction":[{"@type":"ReadAction","target":["https:\/\/www.deminimis.info\/blog\/lkw-abwrackpraemie\/"]}]},{"@type":"ImageObject","inLanguage":"de","@id":"https:\/\/www.deminimis.info\/blog\/lkw-abwrackpraemie\/#primaryimage","url":"https:\/\/www.deminimis.info\/blog\/wp-content\/uploads\/2021\/01\/LKW-abgewrackt-gr.gif","contentUrl":"https:\/\/www.deminimis.info\/blog\/wp-content\/uploads\/2021\/01\/LKW-abgewrackt-gr.gif","width":640,"height":426,"caption":"LKW alt f\u00fcr Abwrackpr\u00e4mie"},{"@type":"BreadcrumbList","@id":"https:\/\/www.deminimis.info\/blog\/lkw-abwrackpraemie\/#breadcrumb","itemListElement":[{"@type":"ListItem","position":1,"name":"Startseite","item":"https:\/\/www.deminimis.info\/blog\/"},{"@type":"ListItem","position":2,"name":"LKW Abwrackpr\u00e4mie: Kurz &#8211; und unabh\u00e4ngig &#8211; zusammengefasst"}]},{"@type":"WebSite","@id":"https:\/\/www.deminimis.info\/blog\/#website","url":"https:\/\/www.deminimis.info\/blog\/","name":"De-Minimis Depesche: Der Blog zum F\u00f6rderprogramm des BALM","description":"Der Blog zum F\u00f6rderprogramm Umweltschutz und Sicherheit (vormals De-Minimis) des BALM","potentialAction":[{"@type":"SearchAction","target":{"@type":"EntryPoint","urlTemplate":"https:\/\/www.deminimis.info\/blog\/?s={search_term_string}"},"query-input":{"@type":"PropertyValueSpecification","valueRequired":true,"valueName":"search_term_string"}}],"inLanguage":"de"},{"@type":"Person","@id":"https:\/\/www.deminimis.info\/blog\/#\/schema\/person\/6b3255a7efd1042af084eaeb98d306af","name":"Daniel","image":{"@type":"ImageObject","inLanguage":"de","@id":"https:\/\/www.deminimis.info\/blog\/#\/schema\/person\/image\/","url":"https:\/\/secure.gravatar.com\/avatar\/07168cc724f6149b46c55fbe89351773f3d0b61fb477123317f4bb9363a82ded?s=96&d=mm&r=g","contentUrl":"https:\/\/secure.gravatar.com\/avatar\/07168cc724f6149b46c55fbe89351773f3d0b61fb477123317f4bb9363a82ded?s=96&d=mm&r=g","caption":"Daniel"},"url":"https:\/\/www.deminimis.info\/blog\/author\/daniel\/"},{"@type":"HowTo","@id":"https:\/\/www.deminimis.info\/blog\/lkw-abwrackpraemie\/#howto-1","name":"LKW Abwrackpr\u00e4mie: Kurz &#8211; und unabh\u00e4ngig &#8211; zusammengefasst","mainEntityOfPage":{"@id":"https:\/\/www.deminimis.info\/blog\/lkw-abwrackpraemie\/"},"description":"","step":[{"@type":"HowToStep","url":"https:\/\/www.deminimis.info\/blog\/lkw-abwrackpraemie\/#how-to-step-1610457907874","name":"Der neue LKW muss wirklich neu sein","itemListElement":[{"@type":"HowToDirection","text":"Ein neuer LKW, der im Rahmen der LKW-Abwrackpr\u00e4mie gef\u00f6rdert werden soll, gilt dann als neu, wenn sein Produktionsjahr das Jahr 2021 ist."}]},{"@type":"HowToStep","url":"https:\/\/www.deminimis.info\/blog\/lkw-abwrackpraemie\/#how-to-step-1610457972880","name":"Der neue LKW muss die Sicherheit im Stra\u00dfenverkehr weiter erh\u00f6hen","itemListElement":[{"@type":"HowToDirection","text":"Der neue LKW muss \u00fcber einen Abbiegeassistenten verf\u00fcgen um im F\u00f6rderprogramm LKW-Abwrackpr\u00e4mie ber\u00fccksichtigt zu werden. Dieser Abbiegeassistent muss den \"Empfehlungen zu technischen Anforderungen an Abbiegeassistenzsysteme f\u00fcr die Aus- und Nachr\u00fcstung an Nutzfahrzeugen mit einer zul\u00e4ssigen Gesamtmasse von mehr als 3,5 Tonnen [...] zur Erteilung einer Allgemeinen Betriebserlaubnis f\u00fcr Abbiegeassistenzsysteme\" erf\u00fcllen."}]},{"@type":"HowToStep","url":"https:\/\/www.deminimis.info\/blog\/lkw-abwrackpraemie\/#how-to-step-1610458281576","name":"Der neue LKW muss die Schadstoffemissionen deutlich absenken","itemListElement":[{"@type":"HowToDirection","text":"Bei der LKW-Abwrackpr\u00e4mie werden nur solche LKW als Neufahrzeuge ber\u00fccksichtigt, die die Schadstoffklasse Euro VI gem\u00e4\u00df der Verordnung (EG) 595\/2009 des Europ\u00e4ischen Parlaments und des Rates und die hierauf folgenden Verordnungen erf\u00fcllen."}]},{"@type":"HowToStep","url":"https:\/\/www.deminimis.info\/blog\/lkw-abwrackpraemie\/#how-to-step-1610458501820","name":"Der neue LKW muss umweltfreundlicher sein","itemListElement":[{"@type":"HowToDirection","text":"Um das CO2-Emissionsniveau im Vergleich zu einem Serien-LKW abzusenken, muss ein neuer LKW im Rahmen der LKW-Abwrackpr\u00e4mie zum Zeitpunkt der Auslieferung mit rollwiderstandsoptimierten Reifen ausgestattet sein. Hinreichend sind ausschlie\u00dflich Reifen der Energieeffizienzklassen A oder B."}]}],"inLanguage":"de"}]}},"_links":{"self":[{"href":"https:\/\/www.deminimis.info\/blog\/wp-json\/wp\/v2\/posts\/550","targetHints":{"allow":["GET"]}}],"collection":[{"href":"https:\/\/www.deminimis.info\/blog\/wp-json\/wp\/v2\/posts"}],"about":[{"href":"https:\/\/www.deminimis.info\/blog\/wp-json\/wp\/v2\/types\/post"}],"author":[{"embeddable":true,"href":"https:\/\/www.deminimis.info\/blog\/wp-json\/wp\/v2\/users\/1"}],"replies":[{"embeddable":true,"href":"https:\/\/www.deminimis.info\/blog\/wp-json\/wp\/v2\/comments?post=550"}],"version-history":[{"count":25,"href":"https:\/\/www.deminimis.info\/blog\/wp-json\/wp\/v2\/posts\/550\/revisions"}],"predecessor-version":[{"id":700,"href":"https:\/\/www.deminimis.info\/blog\/wp-json\/wp\/v2\/posts\/550\/revisions\/700"}],"wp:featuredmedia":[{"embeddable":true,"href":"https:\/\/www.deminimis.info\/blog\/wp-json\/wp\/v2\/media\/556"}],"wp:attachment":[{"href":"https:\/\/www.deminimis.info\/blog\/wp-json\/wp\/v2\/media?parent=550"}],"wp:term":[{"taxonomy":"category","embeddable":true,"href":"https:\/\/www.deminimis.info\/blog\/wp-json\/wp\/v2\/categories?post=550"},{"taxonomy":"post_tag","embeddable":true,"href":"https:\/\/www.deminimis.info\/blog\/wp-json\/wp\/v2\/tags?post=550"}],"curies":[{"name":"wp","href":"https:\/\/api.w.org\/{rel}","templated":true}]}}