{"id":632,"date":"2021-04-22T11:16:06","date_gmt":"2021-04-22T09:16:06","guid":{"rendered":"https:\/\/www.deminimis.info\/blog\/?p=632"},"modified":"2026-04-09T14:30:23","modified_gmt":"2026-04-09T12:30:23","slug":"corona-testpflicht-das-mussen-sie-im-programm-de-minimis-beachten","status":"publish","type":"post","link":"https:\/\/www.deminimis.info\/blog\/corona-testpflicht-das-mussen-sie-im-programm-de-minimis-beachten\/","title":{"rendered":"Corona-Testpflicht: Das m\u00fcssen Sie JETZT im Programm De-Minimis beachten"},"content":{"rendered":"\n<p><em>Kurzfassung: Das De-Minimis F\u00f6rderprogramm in 2021 hat sich von Beginn an auch mit der Corona-Pr\u00e4vention in Transportunternehmen und anderen Unternehmen mit schweren Nutzfahrzeugen besch\u00e4ftigt. Einen Schwerpunkt hat das Programm auf das Testen von Fahrern und anderen Mitarbeitern auf Corona gelegt. Seit dem 20. April 2021 gilt nun eine bundesweite Testpflicht f\u00fcr Unternehmen &#8211; damit ist der Corona-Test f\u00fcr Mitarbeiter keine freiwillige, \u00fcberobligatorische Ma\u00dfnahme mehr.<\/em><\/p>\n\n\n\n<p><em><a href=\"https:\/\/www.foerdermittel.fans\/\">Mehr \u00fcber das F\u00f6rderprogramm De-Minimis und unseren De-Minimis F\u00f6rdermittelservice finden Sie \u00fcbrigens auch stets aktuell auf www.foerdermittel.fans<\/a>.<\/em><\/p>\n\n\n\n<h2 class=\"wp-block-heading\">Corona-Testpflicht in Spedition und Transportunternehmen<\/h2>\n\n\n\n<p>Unter der \u00dcberschrift &#8222;<a href=\"https:\/\/www.bmas.de\/DE\/Service\/Presse\/Pressemitteilungen\/2021\/sicherheit-am-arbeitsplatz-wird-weiter-gestaerkt.html\">Sicherheit am Arbeitsplatz wird weiter gest\u00e4rkt<\/a>&#8220; hat das <a href=\"https:\/\/www.bmas.de\/\">Bundesministerium f\u00fcr Arbeit und Soziales<\/a> am 21. April 2021 \u00fcber die Erg\u00e4nzung der Regeln zum betrieblichen Infektionsschutz informiert.<\/p>\n\n\n\n<p>Demnach sind Arbeitgeber nun verpflichtet, all den Mitarbeitern, die nicht ausschlie\u00dflich im Homeoffice arbeiten, mindestens 2-mal pro Woche Corona-Selbsttests oder Corona-Schnelltests anzubieten.<\/p>\n\n\n\n<p><\/p>\n\n\n\n<div class=\"wp-block-columns is-layout-flex wp-container-core-columns-is-layout-9d6595d7 wp-block-columns-is-layout-flex\">\n<div class=\"wp-block-column is-layout-flow wp-block-column-is-layout-flow\" style=\"flex-basis:33.33%\">\n<iframe style=\"width:120px;height:240px;\" marginwidth=\"0\" marginheight=\"0\" scrolling=\"no\" frameborder=\"0\" src=\"\/\/ws-eu.amazon-adsystem.com\/widgets\/q?ServiceVersion=20070822&#038;OneJS=1&#038;Operation=GetAdHtml&#038;MarketPlace=DE&#038;source=ac&#038;ref=tf_til&#038;ad_type=product_link&#038;tracking_id=energieimunte-21&#038;marketplace=amazon&amp;region=DE&#038;placement=B083DRCPJG&#038;asins=B083DRCPJG&#038;linkId=6a72b36d968a4b7b4c88602f5b906c07&#038;show_border=true&#038;link_opens_in_new_window=true&#038;price_color=333333&#038;title_color=0066c0&#038;bg_color=ffffff\">\r\n    <\/iframe>    <\/iframe>\r\n<iframe style=\"width:120px;height:240px;\" marginwidth=\"0\" marginheight=\"0\" scrolling=\"no\" frameborder=\"0\" src=\"\/\/ws-eu.amazon-adsystem.com\/widgets\/q?ServiceVersion=20070822&#038;OneJS=1&#038;Operation=GetAdHtml&#038;MarketPlace=DE&#038;source=ac&#038;ref=tf_til&#038;ad_type=product_link&#038;tracking_id=energieimunte-21&#038;marketplace=amazon&amp;region=DE&#038;placement=B08ZJFZ5YF&#038;asins=B08ZJFZ5YF&#038;linkId=f8b42217afe67ef7cc29cb31b915fef1&#038;show_border=true&#038;link_opens_in_new_window=true&#038;price_color=333333&#038;title_color=0066c0&#038;bg_color=ffffff\">\r\n    <\/iframe>\n<\/div>\n\n\n\n<div class=\"wp-block-column is-layout-flow wp-block-column-is-layout-flow\" style=\"flex-basis:66.66%\">\n<p><strong>Corona Schnelltest schnell und unkompliziert bestellen<\/strong><\/p>\n\n\n\n<p>\u00dcber <a href=\"https:\/\/www.amazon.de\/amazonprime?_encoding=UTF8&amp;primeCampaignId=prime_assoc_ft&amp;tag=speditionsexperten-21\">amazon prime<\/a>* k\u00f6nnen Sie Corona-Schutzartikel f\u00fcr Ihre Spedition in vielen F\u00e4llen bereits bis zum n\u00e4chsten Werktag erhalten. <a href=\"https:\/\/www.amazon.de\/amazonprime?_encoding=UTF8&amp;primeCampaignId=prime_assoc_ft&amp;tag=speditionsexperten-21\">amazon prim<\/a>e* bietet dabei einen kostenlosen Probemonat, in dem Sie diese schnellen Versandm\u00f6glichkeiten nutzen k\u00f6nnen. <\/p>\n\n\n\n<p>Ebenfalls bei amazon bestellen k\u00f6nnen Sie Corona-Schnelltests: Oftmals werden diese ebenfalls am n\u00e4chsten Tag geliefert &#8211; schon k\u00f6nnen Sie Ihren Mitarbeitern ein Corona-Testangebot machen.<\/p>\n<\/div>\n<\/div>\n\n\n\n<h3 class=\"wp-block-heading\">Was hat die Corona-Testpflicht f\u00fcr Auswirkungen auf das De-Minimis F\u00f6rderprogramm?<\/h3>\n\n\n\n<p>Eine der h\u00e4ufigsten Fragen im Zusammenhang mit dem <a href=\"https:\/\/www.deminimis.info\">F\u00f6rderprogramm De-Minimis<\/a> lautet: <a href=\"https:\/\/www.deminimis.info\/was-wird-gefoerdert\/index.php\">De-Minimis &#8211; Was wird gef\u00f6rdert?<\/a> Aktuell sind dies weit \u00fcber 400 De-Minimis Ma\u00dfnahmen. Seit der <a href=\"https:\/\/www.deminimis.info\/deminimis-glossar\/deminimis-foerderperiode.php\">De-Minimis-F\u00f6rderperiode<\/a> 2020 und insbesondere seit <a href=\"https:\/\/www.deminimis.info\/deminimis-2021.php\">De-Minimis 2021<\/a> hat das Verkehrsministerium und das BAG die Corona-Pr\u00e4vention mit gezielten und vor allem sachgerechten, f\u00f6rderf\u00e4higen De-Minimis Ma\u00dfnahmen in den Mittelpunkt der <a href=\"https:\/\/www.deminimis.info\/personenbezogene-deminimis-massnahmen.php\">personenbezogenen De-Minimis Ma\u00dfnahmen<\/a> ger\u00fcckt. (Lesen Sie hierzu auch unsere De-Minimis Depesche vom 4. M\u00e4rz 2021: <a href=\"https:\/\/www.deminimis.info\/blog\/corona-schnelltest-mit-dem-de-minimis-2021-foerderprogramm-corona-fernhalten\/\">Corona-Schnelltest: Mit dem De-Minimis 2021 F\u00f6rderprogramm Corona fernhalten<\/a>) So wurde von Beginn an auf <strong>Corona-(Schnell)Tests<\/strong> gesetzt um die Pandemie in Transportunternehmen auf Abstand zu halten: Corona-Tests fanden Eingang in den <a href=\"https:\/\/www.deminimis.info\/was-wird-gefoerdert\/index.php\">De-Minimis Ma\u00dfnahmenkatalog<\/a>.<\/p>\n\n\n\n<p>Allen <a href=\"https:\/\/www.deminimis.info\/deminimis-glossar\/massnahmen.php\">De-Minimis Ma\u00dfnahmen<\/a> ist eines gemein: Sie sind <strong>nur dann f\u00f6rderf\u00e4hig<\/strong>, wenn sie \u00fcberobligatorisch, also nicht vorgeschrieben, sind. <\/p>\n\n\n\n<div class=\"wp-block-columns is-layout-flex wp-container-core-columns-is-layout-9d6595d7 wp-block-columns-is-layout-flex\">\n<div class=\"wp-block-column is-vertically-aligned-center is-layout-flow wp-block-column-is-layout-flow\" style=\"flex-basis:33.33%\"><div class=\"wp-block-image\">\n<figure class=\"aligncenter size-full\"><a href=\"https:\/\/amzn.to\/41nLh7b\"><img loading=\"lazy\" decoding=\"async\" width=\"130\" height=\"185\" src=\"https:\/\/www.deminimis.info\/blog\/wp-content\/uploads\/2026\/04\/Deminimis-Handbuch-2026-Cover-kl-kt.jpg\" alt=\"Das De-Minimis Handbuch 2026\" class=\"wp-image-1633\"\/><\/a><figcaption class=\"wp-element-caption\">Das De-Minimis Handbuch 2026<\/figcaption><\/figure>\n<\/div>\n\n<\/div>\n\n\n\n<div class=\"wp-block-column is-vertically-aligned-center is-layout-flow wp-block-column-is-layout-flow\" style=\"flex-basis:66.66%\">\n<p><strong>Welche Ma\u00dfnahmen sind 2026 wirklich f\u00f6rderf\u00e4hig? Unser De-Minimis Handbuch 2026 listet hunderte exemplarische F\u00f6rderma\u00dfnahmen \u2013 thematisch sortiert von Bordk\u00fchlung bis Solarpanel:<\/strong> <a href=\"https:\/\/amzn.to\/41nLh7b\">Hunderte exemplarische Ma\u00dfnahmen f\u00fcr das F\u00f6rderprogramm Umweltschutz und Sicherheit in 2026 &#8211; thematisch sortiert vom Bordk\u00fchlschrank \u00fcber Diebstahlschutz und Telematik bis zum Solarpanel.* (bezahlter Link zur Bestellm\u00f6glichkeit bei amazon)<\/a><\/p>\n<\/div>\n<\/div>\n\n\n\n<h3 class=\"wp-block-heading\">Worauf muss ich bei Abgabe eines De-Minimis Verwendungsnachweises im Zusammenhang mit einer Corona-Testpflicht achten?<\/h3>\n\n\n\n<p>Der <a href=\"https:\/\/www.deminimis.info\/deminimis-glossar\/verwendungsnachweis.php\">De-Minimis Verwendungsnachweis<\/a> enth\u00e4lt &#8211; neben vielen anderen &#8211; insbesondere diese Erkl\u00e4rung:<\/p>\n\n\n\n<p><strong>Ma\u00dfnahmen, die durch Gesetze, Rechtsverordnungen oder Verwaltungsvorschriften verbindlich vorgeschrieben sind, sind nicht f\u00f6rderf\u00e4hig.<\/strong><\/p>\n\n\n\n<p>Durch Ihre Unterschrift auf dem Kontrollformular best\u00e4tigen Sie diese Erkl\u00e4rung. Und, Sie best\u00e4tigen, da\u00df Ihnen bekannt ist, da\u00df es sich bei den im De-Minimis Verwendungsnachweis abgegebenen Erkl\u00e4rungen um subventionserhebliche Tatsachen im Sinne des <a href=\"https:\/\/www.gesetze-im-internet.de\/stgb\/__264.html\">\u00a7 264 des Strafgesetzbuches<\/a> handelt. (Lesen Sie auch unsere <a href=\"https:\/\/www.speditionsexperten.de\/9-tipps-um-der-naechsten-de-minimis-pruefung-%F0%9F%9A%94-des-bag-in-ihren-geschaeftsraeumen-entspannt-entgegenzusehen\/\">9 Tipps, um der n\u00e4chsten De-Minimis Pr\u00fcfung des BAG in Ihren Gesch\u00e4ftsr\u00e4umen entspannt entgegenzusehen<\/a>) Sofern Sie einen Bevollm\u00e4chtigten einsetzen, achten Sie unbedingt auf seine einschl\u00e4gige Qualifikation, da Sie als Antragsteller f\u00fcr all seine in Ihrem Namen abgegebenen Erkl\u00e4rungen haften.<\/p>\n\n\n\n<p>Durch die Corona-Testpflicht wird das Testangebot f\u00fcr bestimmte (aber nicht alle) Mitarbeiter in den Unternehmen nun verpflichtend. F\u00fcr eben diese Gruppe der zum Test verpflichteten Mitarbeiter handelt es sich <strong>nicht mehr um \u00fcberobligatorische Tests<\/strong>. Somit ist genau abzuw\u00e4gen und zu pr\u00fcfen, ob die F\u00f6rderf\u00e4higkeit im Programm De-Minimis noch gegeben ist. Nutzen Sie unseren De-Minimis <strong><a href=\"https:\/\/www.speditionsexperten.de\/deminimis\/\">F\u00f6rdermittelservices ab 12,90 Euro je Monat und LKW<\/a><\/strong> erledigen wir dies selbstverst\u00e4ndlich f\u00fcr Sie.<\/p>\n\n\n\n<h3 class=\"wp-block-heading\">Ab wann m\u00fcssen den in der Corona-Arbeitsschutzverordnung genannten Mitarbeitern von Speditionen, Transportunternehmen und anderen Unternehmen mit LKW Corona-Testangebote gemacht werden?<\/h3>\n\n\n\n<p>Die Pflicht den Mitarbeitern Testangebote zu machen hat am 20. April 2020 begonnen. <\/p>\n\n\n\n<div class=\"wp-block-media-text alignwide is-stacked-on-mobile\"><figure class=\"wp-block-media-text__media\"><video controls src=\"https:\/\/www.deminimis.info\/blog\/wp-content\/uploads\/2019\/12\/abagonia.mp4\"><\/video><\/figure><div class=\"wp-block-media-text__content\">\n<p>Kennen Sie unseren<strong> De-Minimis F\u00f6rdermittelservice<\/strong>? Unser Video auf der linken Seite erkl\u00e4rt Ihnen in zwei Minuten wie einfach und sicher der Abruf der De-Minimis-F\u00f6rdermittel mit uns ist. Wir verf\u00fcgen \u00fcber die Weiterbildung zum Gefahrgutbeauftragten f\u00fcr den Verkehrstr\u00e4ger Stra\u00dfe ebenso wie \u00fcber die Fachkundepr\u00fcfung G\u00fcterkraftverkehr und den Staplerschein. Wir sind Wirtschaftswissenschaftler mit langj\u00e4hriger Erfahrung auf dem Gebiet der Bundessteuern &#8211; vor allem aber in der Transportbranche.<\/p>\n<\/div><\/div>\n\n\n\n<h3 class=\"wp-block-heading\">Ist die Corona-Testpflicht zeitlich unbegrenzt?<\/h3>\n\n\n\n<p>Aktuell (Ende April 2021) gilt die Pflicht, den Mitarbeitern Corona-Tests anzubieten, bis zum 31. Juli 2021.<\/p>\n\n\n\n<p><em><strong>Achtung: <\/strong>Achten Sie stets peinlich genau darauf, da\u00df personenbezogene Ma\u00dfnahmen (\u00fcberobligatorische Arbeitskleidung usw.) ausschlie\u00dflich den in der De-Minimis Richtlinie genannten Personenkreisen zugute kommt! Bewahren Sie die Nachweise der Zuordnung zehn Jahre auf! Bedenken Sie, da\u00df eine anderweitige Verwendung im Unternehmen auch nur beispielsweise einer Arbeitsjacke f\u00fcr die Buchhalterin eine subventionserhebliche Tatsache sein kann &#8211; mit erheblichen Konsequenzen nach der n\u00e4chsten Au\u00dfenpr\u00fcfung. Nutzen Sie unseren <em>De-Minimis <strong><a href=\"https:\/\/www.speditionsexperten.de\/deminimis\/\">F\u00f6rdermittelservice ab 12,90 Euro je Monat und LKW<\/a><\/strong><\/em> wissen Sie nat\u00fcrlich, da\u00df wir sehr akribisch diese Zuordnungen f\u00fcr Sie vornehmen und Sie sich hier keine Gedanken machen m\u00fcssen.<\/em><\/p>\n\n\n\n<p><em>Die Angaben auf dieser Seite sind nach besten Wissen und Gewissen  zusammengestellt. Dennoch \u00fcbernehmen wir ausdr\u00fccklich keine Haftung f\u00fcr deren Aktualit\u00e4t, Vollst\u00e4ndigkeit  und Richtigkeit. Bitte informieren Sie sich im Zweifel immer bei den zust\u00e4ndigen Beh\u00f6rden um rechtssichere Informationen zu erhalten.<br>Unsere Erkl\u00e4rung zum Datenschutz finden Sie hier: <a href=\"http:\/\/www.abagonia.de\/datenstuss\/datastuss.php\">Datenschutz<\/a> <\/em> <\/p>\n\n\n\n<p><em>* Mit einem Sternchen * gekennzeichnete Links sind Werbelinks: Sollten Sie etwas \u00fcber einen solchen Link kaufen, erhalten wir eine Provision. Ihre Kosten steigen hierdurch nicht.<\/em><\/p>\n\n\n\n<p>Bild von <a href=\"https:\/\/pixabay.com\/de\/users\/tama66-1032521\/?utm_source=link-attribution&amp;utm_medium=referral&amp;utm_campaign=image&amp;utm_content=2799416\">Peter H<\/a> auf <a href=\"https:\/\/pixabay.com\/de\/?utm_source=link-attribution&amp;utm_medium=referral&amp;utm_campaign=image&amp;utm_content=2799416\">Pixabay<\/a><\/p>\n","protected":false},"excerpt":{"rendered":"<p>Einf\u00fchrung der Corona-Testpflicht hat wichtige Auswirkungen auf die F\u00f6rderf\u00e4higkeit von Corona-Tests im Programm De-Minimis: Hier informieren<\/p>\n<div class=\"more-link-wrapper\"><a class=\"more-link\" href=\"https:\/\/www.deminimis.info\/blog\/corona-testpflicht-das-mussen-sie-im-programm-de-minimis-beachten\/\">Hier weiterlesen zu diesem De-Minimis Thema<span class=\"screen-reader-text\">Corona-Testpflicht: Das m\u00fcssen Sie JETZT im Programm De-Minimis beachten<\/span><\/a><\/div>\n","protected":false},"author":1,"featured_media":634,"comment_status":"closed","ping_status":"open","sticky":false,"template":"","format":"standard","meta":{"footnotes":""},"categories":[1,36,24],"tags":[37,84,3,4,83],"class_list":["post-632","post","type-post","status-publish","format-standard","has-post-thumbnail","hentry","category-allgemein","category-corona","category-rechtliches","tag-corona","tag-corona-schnelltest","tag-de-minimis","tag-deminimis","tag-schnelltest","entry"],"yoast_head":"<!-- This site is optimized with the Yoast SEO plugin v25.1 - https:\/\/yoast.com\/wordpress\/plugins\/seo\/ -->\n<title>Corona-Testpflicht: Das m\u00fcssen Sie JETZT im Programm De-Minimis beachten - De-Minimis Depesche: Der Blog zum F\u00f6rderprogramm des BALM<\/title>\n<meta name=\"description\" content=\"Einf\u00fchrung der Corona-Testpflicht hat wichtige Auswirkungen auf die F\u00f6rderf\u00e4higkeit von Corona-Tests im Programm De-Minimis: Hier informieren\" \/>\n<meta name=\"robots\" content=\"index, follow, max-snippet:-1, max-image-preview:large, max-video-preview:-1\" \/>\n<link rel=\"canonical\" href=\"https:\/\/www.deminimis.info\/blog\/corona-testpflicht-das-mussen-sie-im-programm-de-minimis-beachten\/\" \/>\n<meta property=\"og:locale\" content=\"de_DE\" \/>\n<meta property=\"og:type\" content=\"article\" \/>\n<meta property=\"og:title\" content=\"Corona-Testpflicht: Das m\u00fcssen Sie JETZT im Programm De-Minimis beachten - De-Minimis Depesche: Der Blog zum F\u00f6rderprogramm des BALM\" \/>\n<meta property=\"og:url\" content=\"https:\/\/www.deminimis.info\/blog\/corona-testpflicht-das-mussen-sie-im-programm-de-minimis-beachten\/\" \/>\n<meta property=\"og:site_name\" content=\"De-Minimis Depesche: Der Blog zum F\u00f6rderprogramm des BALM\" \/>\n<meta property=\"article:published_time\" content=\"2021-04-22T09:16:06+00:00\" \/>\n<meta property=\"article:modified_time\" content=\"2026-04-09T12:30:23+00:00\" \/>\n<meta property=\"og:image\" content=\"https:\/\/www.deminimis.info\/blog\/wp-content\/uploads\/2021\/04\/De-Minimis-Vorschriften-gr.jpg\" \/>\n\t<meta property=\"og:image:width\" content=\"640\" \/>\n\t<meta property=\"og:image:height\" content=\"426\" \/>\n\t<meta property=\"og:image:type\" content=\"image\/jpeg\" \/>\n<meta name=\"author\" content=\"Daniel\" \/>\n<meta name=\"twitter:card\" content=\"summary_large_image\" \/>\n<meta name=\"twitter:label1\" content=\"Verfasst von\" \/>\n\t<meta name=\"twitter:data1\" content=\"Daniel\" \/>\n\t<meta name=\"twitter:label2\" content=\"Gesch\u00e4tzte Lesezeit\" \/>\n\t<meta name=\"twitter:data2\" content=\"6\u00a0Minuten\" \/>\n<script type=\"application\/ld+json\" class=\"yoast-schema-graph\">{\"@context\":\"https:\/\/schema.org\",\"@graph\":[{\"@type\":\"WebPage\",\"@id\":\"https:\/\/www.deminimis.info\/blog\/corona-testpflicht-das-mussen-sie-im-programm-de-minimis-beachten\/\",\"url\":\"https:\/\/www.deminimis.info\/blog\/corona-testpflicht-das-mussen-sie-im-programm-de-minimis-beachten\/\",\"name\":\"Corona-Testpflicht: Das m\u00fcssen Sie JETZT im Programm De-Minimis beachten - De-Minimis Depesche: Der Blog zum F\u00f6rderprogramm des BALM\",\"isPartOf\":{\"@id\":\"https:\/\/www.deminimis.info\/blog\/#website\"},\"primaryImageOfPage\":{\"@id\":\"https:\/\/www.deminimis.info\/blog\/corona-testpflicht-das-mussen-sie-im-programm-de-minimis-beachten\/#primaryimage\"},\"image\":{\"@id\":\"https:\/\/www.deminimis.info\/blog\/corona-testpflicht-das-mussen-sie-im-programm-de-minimis-beachten\/#primaryimage\"},\"thumbnailUrl\":\"https:\/\/www.deminimis.info\/blog\/wp-content\/uploads\/2021\/04\/De-Minimis-Vorschriften-gr.jpg\",\"datePublished\":\"2021-04-22T09:16:06+00:00\",\"dateModified\":\"2026-04-09T12:30:23+00:00\",\"author\":{\"@id\":\"https:\/\/www.deminimis.info\/blog\/#\/schema\/person\/6b3255a7efd1042af084eaeb98d306af\"},\"description\":\"Einf\u00fchrung der Corona-Testpflicht hat wichtige Auswirkungen auf die F\u00f6rderf\u00e4higkeit von Corona-Tests im Programm De-Minimis: Hier informieren\",\"breadcrumb\":{\"@id\":\"https:\/\/www.deminimis.info\/blog\/corona-testpflicht-das-mussen-sie-im-programm-de-minimis-beachten\/#breadcrumb\"},\"inLanguage\":\"de\",\"potentialAction\":[{\"@type\":\"ReadAction\",\"target\":[\"https:\/\/www.deminimis.info\/blog\/corona-testpflicht-das-mussen-sie-im-programm-de-minimis-beachten\/\"]}]},{\"@type\":\"ImageObject\",\"inLanguage\":\"de\",\"@id\":\"https:\/\/www.deminimis.info\/blog\/corona-testpflicht-das-mussen-sie-im-programm-de-minimis-beachten\/#primaryimage\",\"url\":\"https:\/\/www.deminimis.info\/blog\/wp-content\/uploads\/2021\/04\/De-Minimis-Vorschriften-gr.jpg\",\"contentUrl\":\"https:\/\/www.deminimis.info\/blog\/wp-content\/uploads\/2021\/04\/De-Minimis-Vorschriften-gr.jpg\",\"width\":640,\"height\":426},{\"@type\":\"BreadcrumbList\",\"@id\":\"https:\/\/www.deminimis.info\/blog\/corona-testpflicht-das-mussen-sie-im-programm-de-minimis-beachten\/#breadcrumb\",\"itemListElement\":[{\"@type\":\"ListItem\",\"position\":1,\"name\":\"Startseite\",\"item\":\"https:\/\/www.deminimis.info\/blog\/\"},{\"@type\":\"ListItem\",\"position\":2,\"name\":\"Corona-Testpflicht: Das m\u00fcssen Sie JETZT im Programm De-Minimis beachten\"}]},{\"@type\":\"WebSite\",\"@id\":\"https:\/\/www.deminimis.info\/blog\/#website\",\"url\":\"https:\/\/www.deminimis.info\/blog\/\",\"name\":\"De-Minimis Depesche: Der Blog zum F\u00f6rderprogramm des BALM\",\"description\":\"Der Blog zum F\u00f6rderprogramm Umweltschutz und Sicherheit (vormals De-Minimis) des BALM\",\"potentialAction\":[{\"@type\":\"SearchAction\",\"target\":{\"@type\":\"EntryPoint\",\"urlTemplate\":\"https:\/\/www.deminimis.info\/blog\/?s={search_term_string}\"},\"query-input\":{\"@type\":\"PropertyValueSpecification\",\"valueRequired\":true,\"valueName\":\"search_term_string\"}}],\"inLanguage\":\"de\"},{\"@type\":\"Person\",\"@id\":\"https:\/\/www.deminimis.info\/blog\/#\/schema\/person\/6b3255a7efd1042af084eaeb98d306af\",\"name\":\"Daniel\",\"image\":{\"@type\":\"ImageObject\",\"inLanguage\":\"de\",\"@id\":\"https:\/\/www.deminimis.info\/blog\/#\/schema\/person\/image\/\",\"url\":\"https:\/\/secure.gravatar.com\/avatar\/07168cc724f6149b46c55fbe89351773f3d0b61fb477123317f4bb9363a82ded?s=96&d=mm&r=g\",\"contentUrl\":\"https:\/\/secure.gravatar.com\/avatar\/07168cc724f6149b46c55fbe89351773f3d0b61fb477123317f4bb9363a82ded?s=96&d=mm&r=g\",\"caption\":\"Daniel\"},\"url\":\"https:\/\/www.deminimis.info\/blog\/author\/daniel\/\"}]}<\/script>\n<!-- \/ Yoast SEO plugin. -->","yoast_head_json":{"title":"Corona-Testpflicht: Das m\u00fcssen Sie JETZT im Programm De-Minimis beachten - De-Minimis Depesche: Der Blog zum F\u00f6rderprogramm des BALM","description":"Einf\u00fchrung der Corona-Testpflicht hat wichtige Auswirkungen auf die F\u00f6rderf\u00e4higkeit von Corona-Tests im Programm De-Minimis: Hier informieren","robots":{"index":"index","follow":"follow","max-snippet":"max-snippet:-1","max-image-preview":"max-image-preview:large","max-video-preview":"max-video-preview:-1"},"canonical":"https:\/\/www.deminimis.info\/blog\/corona-testpflicht-das-mussen-sie-im-programm-de-minimis-beachten\/","og_locale":"de_DE","og_type":"article","og_title":"Corona-Testpflicht: Das m\u00fcssen Sie JETZT im Programm De-Minimis beachten - De-Minimis Depesche: Der Blog zum F\u00f6rderprogramm des BALM","og_url":"https:\/\/www.deminimis.info\/blog\/corona-testpflicht-das-mussen-sie-im-programm-de-minimis-beachten\/","og_site_name":"De-Minimis Depesche: Der Blog zum F\u00f6rderprogramm des BALM","article_published_time":"2021-04-22T09:16:06+00:00","article_modified_time":"2026-04-09T12:30:23+00:00","og_image":[{"width":640,"height":426,"url":"https:\/\/www.deminimis.info\/blog\/wp-content\/uploads\/2021\/04\/De-Minimis-Vorschriften-gr.jpg","type":"image\/jpeg"}],"author":"Daniel","twitter_card":"summary_large_image","twitter_misc":{"Verfasst von":"Daniel","Gesch\u00e4tzte Lesezeit":"6\u00a0Minuten"},"schema":{"@context":"https:\/\/schema.org","@graph":[{"@type":"WebPage","@id":"https:\/\/www.deminimis.info\/blog\/corona-testpflicht-das-mussen-sie-im-programm-de-minimis-beachten\/","url":"https:\/\/www.deminimis.info\/blog\/corona-testpflicht-das-mussen-sie-im-programm-de-minimis-beachten\/","name":"Corona-Testpflicht: Das m\u00fcssen Sie JETZT im Programm De-Minimis beachten - De-Minimis Depesche: Der Blog zum F\u00f6rderprogramm des BALM","isPartOf":{"@id":"https:\/\/www.deminimis.info\/blog\/#website"},"primaryImageOfPage":{"@id":"https:\/\/www.deminimis.info\/blog\/corona-testpflicht-das-mussen-sie-im-programm-de-minimis-beachten\/#primaryimage"},"image":{"@id":"https:\/\/www.deminimis.info\/blog\/corona-testpflicht-das-mussen-sie-im-programm-de-minimis-beachten\/#primaryimage"},"thumbnailUrl":"https:\/\/www.deminimis.info\/blog\/wp-content\/uploads\/2021\/04\/De-Minimis-Vorschriften-gr.jpg","datePublished":"2021-04-22T09:16:06+00:00","dateModified":"2026-04-09T12:30:23+00:00","author":{"@id":"https:\/\/www.deminimis.info\/blog\/#\/schema\/person\/6b3255a7efd1042af084eaeb98d306af"},"description":"Einf\u00fchrung der Corona-Testpflicht hat wichtige Auswirkungen auf die F\u00f6rderf\u00e4higkeit von Corona-Tests im Programm De-Minimis: Hier informieren","breadcrumb":{"@id":"https:\/\/www.deminimis.info\/blog\/corona-testpflicht-das-mussen-sie-im-programm-de-minimis-beachten\/#breadcrumb"},"inLanguage":"de","potentialAction":[{"@type":"ReadAction","target":["https:\/\/www.deminimis.info\/blog\/corona-testpflicht-das-mussen-sie-im-programm-de-minimis-beachten\/"]}]},{"@type":"ImageObject","inLanguage":"de","@id":"https:\/\/www.deminimis.info\/blog\/corona-testpflicht-das-mussen-sie-im-programm-de-minimis-beachten\/#primaryimage","url":"https:\/\/www.deminimis.info\/blog\/wp-content\/uploads\/2021\/04\/De-Minimis-Vorschriften-gr.jpg","contentUrl":"https:\/\/www.deminimis.info\/blog\/wp-content\/uploads\/2021\/04\/De-Minimis-Vorschriften-gr.jpg","width":640,"height":426},{"@type":"BreadcrumbList","@id":"https:\/\/www.deminimis.info\/blog\/corona-testpflicht-das-mussen-sie-im-programm-de-minimis-beachten\/#breadcrumb","itemListElement":[{"@type":"ListItem","position":1,"name":"Startseite","item":"https:\/\/www.deminimis.info\/blog\/"},{"@type":"ListItem","position":2,"name":"Corona-Testpflicht: Das m\u00fcssen Sie JETZT im Programm De-Minimis beachten"}]},{"@type":"WebSite","@id":"https:\/\/www.deminimis.info\/blog\/#website","url":"https:\/\/www.deminimis.info\/blog\/","name":"De-Minimis Depesche: Der Blog zum F\u00f6rderprogramm des BALM","description":"Der Blog zum F\u00f6rderprogramm Umweltschutz und Sicherheit (vormals De-Minimis) des BALM","potentialAction":[{"@type":"SearchAction","target":{"@type":"EntryPoint","urlTemplate":"https:\/\/www.deminimis.info\/blog\/?s={search_term_string}"},"query-input":{"@type":"PropertyValueSpecification","valueRequired":true,"valueName":"search_term_string"}}],"inLanguage":"de"},{"@type":"Person","@id":"https:\/\/www.deminimis.info\/blog\/#\/schema\/person\/6b3255a7efd1042af084eaeb98d306af","name":"Daniel","image":{"@type":"ImageObject","inLanguage":"de","@id":"https:\/\/www.deminimis.info\/blog\/#\/schema\/person\/image\/","url":"https:\/\/secure.gravatar.com\/avatar\/07168cc724f6149b46c55fbe89351773f3d0b61fb477123317f4bb9363a82ded?s=96&d=mm&r=g","contentUrl":"https:\/\/secure.gravatar.com\/avatar\/07168cc724f6149b46c55fbe89351773f3d0b61fb477123317f4bb9363a82ded?s=96&d=mm&r=g","caption":"Daniel"},"url":"https:\/\/www.deminimis.info\/blog\/author\/daniel\/"}]}},"_links":{"self":[{"href":"https:\/\/www.deminimis.info\/blog\/wp-json\/wp\/v2\/posts\/632","targetHints":{"allow":["GET"]}}],"collection":[{"href":"https:\/\/www.deminimis.info\/blog\/wp-json\/wp\/v2\/posts"}],"about":[{"href":"https:\/\/www.deminimis.info\/blog\/wp-json\/wp\/v2\/types\/post"}],"author":[{"embeddable":true,"href":"https:\/\/www.deminimis.info\/blog\/wp-json\/wp\/v2\/users\/1"}],"replies":[{"embeddable":true,"href":"https:\/\/www.deminimis.info\/blog\/wp-json\/wp\/v2\/comments?post=632"}],"version-history":[{"count":20,"href":"https:\/\/www.deminimis.info\/blog\/wp-json\/wp\/v2\/posts\/632\/revisions"}],"predecessor-version":[{"id":1654,"href":"https:\/\/www.deminimis.info\/blog\/wp-json\/wp\/v2\/posts\/632\/revisions\/1654"}],"wp:featuredmedia":[{"embeddable":true,"href":"https:\/\/www.deminimis.info\/blog\/wp-json\/wp\/v2\/media\/634"}],"wp:attachment":[{"href":"https:\/\/www.deminimis.info\/blog\/wp-json\/wp\/v2\/media?parent=632"}],"wp:term":[{"taxonomy":"category","embeddable":true,"href":"https:\/\/www.deminimis.info\/blog\/wp-json\/wp\/v2\/categories?post=632"},{"taxonomy":"post_tag","embeddable":true,"href":"https:\/\/www.deminimis.info\/blog\/wp-json\/wp\/v2\/tags?post=632"}],"curies":[{"name":"wp","href":"https:\/\/api.w.org\/{rel}","templated":true}]}}